{"id":54763,"date":"2015-11-12T13:20:21","date_gmt":"2015-11-12T12:20:21","guid":{"rendered":"https:\/\/www.esteri.it\/sala_stampa\/archivionotizie\/comunicati\/2015\/11\/new-york-olivetti-50-anni-di-innovazione\/"},"modified":"2015-11-12T13:20:21","modified_gmt":"2015-11-12T12:20:21","slug":"new-york-olivetti-50-anni-di-innovazione","status":"publish","type":"post","link":"https:\/\/www.esteri.it\/it\/sala_stampa\/archivionotizie\/approfondimenti\/2015\/11\/new-york-olivetti-50-anni-di-innovazione\/","title":{"rendered":"New York &#8211; Olivetti, 50 anni di innovazione italiana in mostra nella Grande Mela"},"content":{"rendered":"<p>\u201cUn sogno sembra un sogno fino a quando non si comincia a lavorarci. E allora pu\u00f2 diventare qualcosa di infinitamente pi\u00f9 grande\u201d: parole che esprimono al meglio la personalit\u00e0 di Adriano Olivetti, storico protagonista dell\u2019innovazione nel nostro Paese. Una strada che l\u2019azienda di Ivrea vuole continuare a percorrere: Olivetti partecipa infatti a una speciale edizione oltreoceano della mostra \u201cMake in Italy &#8211; The Exhibition\u201d, in programma dal 13 al 25 novembre presso l\u2019Istituto italiano di cultura a New York, con alcune importanti invenzioni. L\u2019azienda che ha progettato P101, il primo personal computer ideato da Pier Giorgio Perotto, presenter\u00e0 anche la nuova stampante 3D-S2, con la quale Olivetti abbraccia la rivoluzione del \u201cdigital manufacturing\u201d e la nuova filosofia fondata sulla condivisione e la collaborazione.<\/p>\n<p><strong>La Olivetti 3D-S2 e il futuro dell\u2019inventiva e della creativit\u00e0 tecnologica<\/strong><strong><\/strong><\/p>\n<p>\u201cLanciata nelle scorse settimane \u2013 si legge in una nota &#8211; la stampante \u00e8 rivolta alle piccole e medie imprese che necessitano di strumenti pi\u00f9 rapidi ed economicamente vantaggiosi per creare prototipi e nuovi prodotti\u201d. La Olivetti 3D-S2 \u00e8 realizzata interamente in Italia, nel Canavese, cos\u00ec come tutte italiane sono le tecnologie impiegate. La stampante si avvale delle potenzialit\u00e0 della scheda Arduino, la piattaforma di hardware e software open source nata a Ivrea che ha rivoluzionato il mondo della manifattura. Il futuro dell\u2019inventiva e della creativit\u00e0 tecnologica italiana sar\u00e0 anche al centro dell\u2019evento di apertura della mostra, previsto per domani: l\u2019incontro, moderato da Maria Teresa Cometto e Riccardo Luna, vedr\u00e0 la partecipazione di Riccardo Delleani, amministratore delegato di Olivetti, accanto a Massimo Banzi, co-fondatore del Progetto Arduino, David Avino, fondatore di Argotec e Alessandro Piol, co-fondatore di AlphaPrime Ventures.<\/p>\n","protected":false},"excerpt":{"rendered":"\u201cUn sogno sembra un sogno fino a quando non si comincia a lavorarci. E allora pu\u00f2 diventare qualcosa di infinitamente pi\u00f9 grande\u201d: parole che esprimono al meglio la personalit\u00e0 di Adriano Olivetti, storico protagonista dell\u2019innovazione nel nostro Paese. Una strada che l\u2019azienda di Ivrea vuole continuare a percorrere: Olivetti partecipa infatti a una speciale edizione [&hellip;]","protected":false},"author":1,"featured_media":0,"comment_status":"","ping_status":"","sticky":false,"template":"","format":"standard","meta":{"footnotes":""},"categories":[2],"tags":[397,32,35],"class_list":["post-54763","post","type-post","status-publish","format-standard","hentry","category-approfondimenti","tag-america-settentrionale","tag-diplomazia-culturale","tag-diplomazia-scientifica"],"_links":{"self":[{"href":"https:\/\/www.esteri.it\/it\/wp-json\/wp\/v2\/posts\/54763","targetHints":{"allow":["GET"]}}],"collection":[{"href":"https:\/\/www.esteri.it\/it\/wp-json\/wp\/v2\/posts"}],"about":[{"href":"https:\/\/www.esteri.it\/it\/wp-json\/wp\/v2\/types\/post"}],"author":[{"embeddable":true,"href":"https:\/\/www.esteri.it\/it\/wp-json\/wp\/v2\/users\/1"}],"replies":[{"embeddable":true,"href":"https:\/\/www.esteri.it\/it\/wp-json\/wp\/v2\/comments?post=54763"}],"version-history":[{"count":0,"href":"https:\/\/www.esteri.it\/it\/wp-json\/wp\/v2\/posts\/54763\/revisions"}],"wp:attachment":[{"href":"https:\/\/www.esteri.it\/it\/wp-json\/wp\/v2\/media?parent=54763"}],"wp:term":[{"taxonomy":"category","embeddable":true,"href":"https:\/\/www.esteri.it\/it\/wp-json\/wp\/v2\/categories?post=54763"},{"taxonomy":"post_tag","embeddable":true,"href":"https:\/\/www.esteri.it\/it\/wp-json\/wp\/v2\/tags?post=54763"}],"curies":[{"name":"wp","href":"https:\/\/api.w.org\/{rel}","templated":true}]}}