{"id":55099,"date":"2015-09-29T10:55:37","date_gmt":"2015-09-29T08:55:37","guid":{"rendered":"https:\/\/www.esteri.it\/sala_stampa\/archivionotizie\/comunicati\/2015\/09\/roadshow-a-reggio-calabria-ieri\/"},"modified":"2015-09-29T10:55:37","modified_gmt":"2015-09-29T08:55:37","slug":"roadshow-a-reggio-calabria-ieri","status":"publish","type":"post","link":"https:\/\/www.esteri.it\/it\/sala_stampa\/archivionotizie\/approfondimenti\/2015\/09\/roadshow-a-reggio-calabria-ieri\/","title":{"rendered":"Roadshow a Reggio Calabria &#8211;  Ieri a Reggio col Segretario Generale Valensise"},"content":{"rendered":"<p>L&#8217;apertura ai mercati esteri non \u00e8 pi\u00f9, ormai, soltanto un&#8217;opportunit\u00e0. Per molte aziende, anche di piccole dimensioni, \u00e8 diventata praticamente una necessit\u00e0 se non si vuol rischiare di far diventare quello che \u00e8 in potenza un elemento di forte sviluppo (come nel caso delle produzioni di beni di nicchia) in una devastante criticit\u00e0. Ma per andare sui mercati internazionali non bastano, da sole, buone idee e volont\u00e0 di farlo. \u00c9 nata cos\u00ec, proprio per invertire il tradizionale rapporto tra periferie (aziende) e centro (Stato), l\u2019idea di \u00a0portare sul territorio tutti quegli strumenti che oggi sono a disposizione per incoraggiare e sostenere l&#8217;internazionalizzazione. Ieri mattina il roadshow &#8220;ltalia per le imprese con le Pmi verso i mercati esteri&#8221; ha fatto tappa a Reggio Calabria nell&#8217;auditorium &#8220;Nicola Calipari&#8221; del Consiglio Regionale dove 152 imprenditori di 128 aziende della provincia hanno avuto modo di vedere da vicino &#8211; grazie anche ad una sessione di incontri a due con gli esperti &#8211; quali siano le opportunit\u00e0. Un lavoro di squadra che vede impegnati il Ministero degli Esteri, il Ministero dello Sviluppo Economico, Simest (Societ\u00e0 italiana per le imprese all&#8217;estero), Ita (ltalian Trade Agency), \u00a0Ice ( Agenzia perla promozione all&#8217;estero e l&#8217;internazionalizzazione delle imprese italiane) e Sace (Societ\u00e1 del gruppo Cassa Depositi e Prestiti) . La tappa di ieri a Palazzo Campanella segue quella di Cosenza, e questo la dice lunga sull&#8217;attenzione con la quale si guarda al tessuto della piccola e media impresa calabrese. Un appuntamento (271 tappe del calendario \u00a02015 di questo roadshow e 19 quelle programmate per il 2016) che ha fatto registrare anche la presenza dell&#8217;Ambasciatore Michele Valensise, Segretario Generale della Farnesina. Per lui una sorta di&#8230; ritorno a casa essendo di origini reggine.<\/p>\n<p><strong>&#8220;ltalia per le imprese con le Pmi verso i mercati esteri&#8221;<\/strong><\/p>\n<p>\u00abEssere qui oggi serve a ribadire che il Ministero degli Affari Esteri e la rete di Ambasciate e Consolati sono al fianco delle imprese calabresi che si affacciano sui mercati esteri, nel quadro dei pi\u00f9 vasto impegno del governo italiano a favore dell&#8217;internazionalizzazione del sistema produttivo &#8211; ha spiegato l&#8217;Ambasciatore Valensise -. Siamo, infatti, convinti che uno dei principali fattori di crescita di un&#8217;azienda risieda nella capacit\u00e0 di inserirsi in mercati esteri con buone opportunit\u00e0 di sviluppo. Da parte nostra c&#8217;\u00e8 la consapevolezza, grazie ad un vero lavoro di squadra, di poter mettere a disposizione un bagaglio importante di conoscenze..<\/p>\n<p><strong>Anche questo \u00e8 quel che si chiama diplomazia economica?<\/strong><\/p>\n<p>\u00abC&#8217;\u00e8 una straordinaria attenzione da parte del Ministero a queste azioni che, in modo peculiare sotto la guida del Ministro Gentiloni, hanno avuto un nuovo impulso. Siamo sul territorio per far fruttare al meglio quel patrimonio di conoscenze, quei tanti segnali di interesse che ci sono verso l&#8217;Italia che la nostra &#8220;rete&#8221; di oltre duecento &#8220;antenne&#8221; dislocate nei vari Paesi &#8211; tra Ambasciate, Consolati, uffici Ice ed il sistema delle Camere di commercio &#8211; captano costantemente\u00bb.<\/p>\n<p><strong>&#8220;Rete&#8221; di oltre duecento &#8220;antenne&#8221; dislocate nei vari Paesi<\/strong><\/p>\n<p>\u2026 Perch\u00e9 quello \u201cItalia&#8221; resta un brand molto apprezzato e di grande attrattiva all&#8217;estero&#8230;<\/p>\n<p>\u00c8 cosi. Forse dovremmo iniziare a considerarlo un po&#8217; di pi\u00f9 anche all&#8217;interno dei nostri stessi confini&#8230;&#8221;.<\/p>\n<p>L&#8217;agroalimentare calabrese (nel 2014 \u00e8 stata quasi il 35% delle esportazioni regionali), \u00e8 uno del settori pi\u00f9 interessati ad una &#8220;svolta&#8221; internazionale ma le oltre 138mila aziende agricole della regione hanno una dimensione ancora molto ridotta e richiedono quindi un forte sostegno istituzionale nell&#8217;approccio ai mercati esteri.<\/p>\n<p>Questa iniziativa si muove proprio in questa logica. E non \u00e8 certo un caso se oggi qui in platea il 46% delle aziende rappresentate opera nel comparto dell&#8217;agroalimentare. Volendo andare nello specifico del territorio della provincia di Reggio Calabria, qui ci sono in potenza tutte le migliori condizioni per fare del bergamotto l&#8217;emblema stesso della Calabria che esporta, dell&#8217;impresa agroalimentare calabrese che si d\u00e0 una corretta dimensione internazionale\u00bb.<\/p>\n","protected":false},"excerpt":{"rendered":"L&#8217;apertura ai mercati esteri non \u00e8 pi\u00f9, ormai, soltanto un&#8217;opportunit\u00e0. Per molte aziende, anche di piccole dimensioni, \u00e8 diventata praticamente una necessit\u00e0 se non si vuol rischiare di far diventare quello che \u00e8 in potenza un elemento di forte sviluppo (come nel caso delle produzioni di beni di nicchia) in una devastante criticit\u00e0. Ma per [&hellip;]","protected":false},"author":1,"featured_media":0,"comment_status":"","ping_status":"","sticky":false,"template":"","format":"standard","meta":{"footnotes":""},"categories":[2],"tags":[],"class_list":["post-55099","post","type-post","status-publish","format-standard","hentry","category-approfondimenti"],"_links":{"self":[{"href":"https:\/\/www.esteri.it\/it\/wp-json\/wp\/v2\/posts\/55099","targetHints":{"allow":["GET"]}}],"collection":[{"href":"https:\/\/www.esteri.it\/it\/wp-json\/wp\/v2\/posts"}],"about":[{"href":"https:\/\/www.esteri.it\/it\/wp-json\/wp\/v2\/types\/post"}],"author":[{"embeddable":true,"href":"https:\/\/www.esteri.it\/it\/wp-json\/wp\/v2\/users\/1"}],"replies":[{"embeddable":true,"href":"https:\/\/www.esteri.it\/it\/wp-json\/wp\/v2\/comments?post=55099"}],"version-history":[{"count":0,"href":"https:\/\/www.esteri.it\/it\/wp-json\/wp\/v2\/posts\/55099\/revisions"}],"wp:attachment":[{"href":"https:\/\/www.esteri.it\/it\/wp-json\/wp\/v2\/media?parent=55099"}],"wp:term":[{"taxonomy":"category","embeddable":true,"href":"https:\/\/www.esteri.it\/it\/wp-json\/wp\/v2\/categories?post=55099"},{"taxonomy":"post_tag","embeddable":true,"href":"https:\/\/www.esteri.it\/it\/wp-json\/wp\/v2\/tags?post=55099"}],"curies":[{"name":"wp","href":"https:\/\/api.w.org\/{rel}","templated":true}]}}