{"id":55979,"date":"2015-04-24T10:56:00","date_gmt":"2015-04-24T08:56:00","guid":{"rendered":"https:\/\/www.esteri.it\/sala_stampa\/archivionotizie\/comunicati\/2015\/04\/venice-international-university\/"},"modified":"2015-04-24T10:56:00","modified_gmt":"2015-04-24T08:56:00","slug":"venice-international-university","status":"publish","type":"post","link":"https:\/\/www.esteri.it\/it\/sala_stampa\/archivionotizie\/approfondimenti\/2015\/04\/venice-international-university\/","title":{"rendered":"Venice International University: Conferenza internazionale &#8216;Mutamenti Climatici nell&#8217;Artico&#8217;"},"content":{"rendered":"<p>Ha avuto luogo nei giorni 11 e 12 dicembre a Venezia la conferenza internazionale sui cambiamenti climatici nell\u2019Artico, organizzata dal Ministero degli Affari Esteri e della Cooperazione Internazionale, Direzione Generale per l\u2019Unione Europea, con la collaborazione della SIOI e della \u201cVenezia International University\u201d, che ha messo a disposizione i propri locali.<\/p>\n<p><strong>Tre sessioni e tavola rotonda<\/strong><\/p>\n<p>L\u2019agenda era articolata in tre sessioni: mutamenti ambientali nell\u2019Artico, conseguenze di questi e sviluppo equilibrato della regione ed infine popolazioni indigene e mutamenti ambientali. A conclusione dei lavori una Tavola Rotonda.<\/p>\n<p>Ai lavori, presieduti dal \u201cSenior Arctic Official\u201d (S.A.O.) italiano Consigliere d\u2019Ambasciata Marco Tornetta, hanno partecipato la maggior parte dei S.A.O. degli Stati membri del Consiglio Artico, o comunque qualificati rappresentanti designati dai rispettivi governi. In apertura lavori gli indirizzi di saluto registrati da parte del SS Senatore della Vedova e del Ministro degli Esteri islandese. Nelle fasi successive hanno avuto luogo due videoconferenze, con il Segretario Esecutivo dell\u2019Arctic Monitoring and Assessment Program Lars Otto Reiersen e con la rappresentante del Parlamento Sami presso il Consiglio Artico Gunn Britt Retter. Ai lavori della seconda giornata ha inoltre partecipato il Presidente Franco Frattini, oltre che in qualit\u00e0 di Presidente della SIOI, anche in veste di ex inviato speciale del Ministro per l\u2019Artico e di Ministro degli Esteri.\u00a0\u00a0\u00a0<\/p>\n<p>Il panel di studiosi intervenuti era prevalentemente composto da italiani, anche al fine di evidenziare il nostro <i>know how<\/i> scientifico in materia di Artico. Fra le qualificate presenze a livello internazionale quelle del norvegese Kim Holmen e del britannico Peter Wadhams dell\u2019Universit\u00e0 di Cambridge. Erano anche rappresentate Eni e Finmeccanica.<\/p>\n<p><strong>Ampiezza del fenomeno del riscaldamento<\/strong><\/p>\n<p>Fra gli elementi di maggior interesse emersi dai lavori, l\u2019ampiezza del fenomeno del riscaldamento che, se da un canto aprir\u00e0 a medio termine la prospettiva della navigazione circumpolare, prospettiva tutt\u2019altro che scevra di problemi, dall\u2019altro comporter\u00e0 un aumento non indifferente delle temperature medie, molto pi\u00f9 nell\u2019Europa meridionale che non in quella settentrionale. Il fenomeno indurr\u00e0 inevitabilmente anche dei cambiamenti considerevoli negli usi ed i costumi delle popolazioni, la cui sussistenza \u00e8 in molti casi basata sulla caccia. Da qui l\u2019esigenza di una campagna di sensibilizzazione e la necessit\u00e0 di un crescente coordinamento e coinvolgimento internazionale, anche al di l\u00e0 degli Stati artici.\u00a0<\/p>\n<p><strong>Centralit\u00e0 del Consiglio Artico<\/strong><\/p>\n<p>Un secondo aspetto emerso nel corso dei lavori \u00e8 stato la convergenza di opinioni sulla centralit\u00e0 del Consiglio Artico, unico foro di consultazione intergovernativa, allargato alle comunit\u00e0 indigene e naturalmente agli Stati non artici osservatori, anche extra-europei.<\/p>\n<p><strong>Partecipazione del Presidente Franco Frattini<\/strong><\/p>\n<p>Alla Tavola Rotonda conclusiva ha attivamente partecipato il Presidente Frattini.\u00a0 Egli, nel ricordare il proprio impegno politico &#8211; in qualit\u00e0 di Ministro degli Esteri &#8211; per promuovere l\u2019ingresso dell\u2019Italia nel Consiglio Artico, ha evidenziato l\u2019importanza geo-strategica della regione, la cui dimensione umana non va sottovalutata e la cui tutela deve essere una priorit\u00e0 per la comunit\u00e0 internazionale. Le popolazioni indigene sono infatti i primi garanti della tutela del fragile eco-sistema artico. Ha quindi evidenziato l\u2019importanza e ruolo del C.A. come promotore e coordinatore di azioni costruttive nonch\u00e9 foro di incontro per l\u2019armonizzazione di interessi talora divergenti.<\/p>\n<p>Al termine dei lavori, la presidenza italiana ha suggerito alcune conclusioni, ottenendo il consenso dei presenti.<\/p>\n<p>&#8211; Il fenomeno del riscaldamento \u00e8 una sfida globale che impone una risposta globale della Comunit\u00e0 Internazionale, che deve coordinarsi con gli Stati Artici. Il miglior foro in questo contesto \u00e8 indubbiamente il Consiglio Artico;<\/p>\n<p>&#8211; L\u2019Italia, nel rispetto delle sovranit\u00e0 nazionali, \u00e8 pronta a fare la sua parte con le proprie competenze scientifiche e tecnologiche e le proprie aziende di punta, per contribuire ad uno sviluppo equilibrato nel rispetto dell\u2019eco-sistema e delle popolazioni.<\/p>\n<p>\u00a0\u00a0\u00a0<\/p>\n<p><strong>Elenco completo dei relatori con rispettivi interventi:<\/strong><\/p>\n<p>Marco Filippo Tornetta, <i>S.A.O. of Italy<\/i><\/p>\n<p><a href=\"resource\/doc\/2015\/05\/Umberto%20Vattani.rtf\">Umberto Vattani, <i>President of Venice International University<\/i><\/a><\/p>\n<p><a href=\"resource\/doc\/2015\/05\/Benedetto%20Della%20Vedova%20(Videomessaggio).mov\">Benedetto Della Vedova, <i>Italian Under-Secretary of State<\/i><\/a><\/p>\n<p><a href=\"resource\/doc\/2015\/05\/Enrico%20Brugnoli.pdf\">Enrico Brugnoli (CNR)<i>, Director of Department for Earth System Science and Technologies for the environment<\/i><\/a><\/p>\n<p><a href=\"resource\/doc\/2015\/05\/Kim%20Holmen.pdf\">Kim Holmen, <i>\u201cA Svalbard perspective on global change\u201d<\/i><\/a><\/p>\n<p><a href=\"resource\/doc\/2015\/05\/Dmitry%20Drodzov.ppt\">Dmitry Drozdov, <i>\u201cCryosphere response to the climate change and technogenesis in Russia\u201d<\/i><\/a><\/p>\n<p><a href=\"resource\/doc\/2015\/05\/Ian%20Hedgecock.pptx\">Ian Hedgecock, <i>\u201cThe Polar Hg cycle in a changing climate\u201d<\/i><\/a><\/p>\n<p><a href=\"resource\/doc\/2015\/05\/Angelo%20Viola.ppt\">Angelo Viola, <i>\u201cCNR research activities in the Arctic region\u201d<\/i><\/a><\/p>\n<p><a href=\"resource\/doc\/2015\/05\/Roberto%20Azzolini.ppt\">Roberto Azzolini, <i>\u201c<\/i><i>The European Polar Board strategy in the Arctic and Polar research\u201d<\/i><\/a><\/p>\n<p><a href=\"resource\/doc\/2015\/05\/Lars%20Otto%20Reiersen.pdf\">Lars Otto Reiersen (AMAP Executive Secretary) (on videoconference)<\/a><\/p>\n<p><a href=\"resource\/doc\/2015\/05\/Stefano%20Aliani.pdf\">Stefano Aliani,<i>\u201cThe Arctic Ocean in the global climate\u201d<\/i><\/a><\/p>\n<p><a href=\"resource\/doc\/2015\/05\/Mauro%20Gugliemin.pdf\">Mauro Guglielmin, <i>\u201cImpact of climate change on Arctic permafrost\u201d<\/i><\/a><\/p>\n<p><a href=\"resource\/doc\/2015\/05\/Peter%20Wadhams.ppt\">Peter Wadhams,<i> \u201cArctic climate change and its impact\u201d<\/i><\/a><\/p>\n<p><a href=\"resource\/doc\/2015\/05\/Roberto%20Udisti.pptx\">Roberto Udisti, <i>\u201c<\/i><i>Aerosol measurements in the Arctic. A tool to understand environment\/climate interactions\u201d<\/i><\/a><\/p>\n<p>Marzio G. Mian, \u201c<i>The Arctic Times Project\u201d<\/i><\/p>\n<p><a href=\"resource\/doc\/2015\/05\/Gunn%20Britt%20Retter.docx\">Gunn Britt Retter (on videoconference)<\/a><\/p>\n<p><a href=\"resource\/doc\/2015\/05\/Adele_Airoldi.docx\">Adele Airoldi, <i>\u201cThe European Union and the Arctic \u2013 The long march northwards\u201d<\/i><\/a><\/p>\n<p><a href=\"resource\/doc\/2015\/05\/Maria%20Pia%20Casarini.doc\">Maria Pia Casarini, <i>\u201cThe impact of climate change on Inuit and Nunavut and the activity of IstitutoGeograficoPolareZavatti\u201d<\/i><\/a><\/p>\n<p>Vilborg Einars, <i>\u201cReacting to climate change in your own interest \u2013 the importance of information\u201d<\/i><\/p>\n<p><a href=\"resource\/doc\/2015\/05\/Paola%20Toniolo.pptx\">Paola Toniolo, <i>\u201cFinmeccanica in the Arctic Sustainable development\u201d<\/i><\/a><\/p>\n<p><a href=\"resource\/doc\/2015\/05\/Anna%20Devitofrancesco.pdf\">Anna Devitofrancesco, <i>&#8220;Sustainable Housing Design in the Arctic Region&#8221;<\/i><\/a><\/p>\n<p>Dario Speranza, <i>Eni<\/i><\/p>\n<p><a href=\"resource\/doc\/2015\/05\/Mikael%20Anzen.ppt\">Mikael Anz\u00e9n, Ambassador, <i>S.A.O. <\/i><i>Sweden<\/i><\/a><\/p>\n<p><a href=\"resource\/doc\/2015\/05\/Roberta%20Burns.docx\">Roberta Burns, <i>F. US Arctic Officer US State Department <\/i><\/a><\/p>\n<p><a href=\"resource\/doc\/2015\/05\/Paul%20Gibbard.pptx\">Paul Gibbard, Minister \u00a0Counselor, <i>Embassy of Canada in Rome &#8211; Former Director of Circumpolar Affairs<\/i><\/a><\/p>\n<p><a href=\"resource\/doc\/2015\/05\/Hannu%20Halinen.ppt\">Hannu Halinen, <i>Ambassador, S.A.O Finland<\/i><\/a><\/p>\n<p>Erik Vilstrup Lorenzen, <i>Ambassador, S.A.O. Denmark<\/i><\/p>\n<p>Platon Ratskevich, <i>Vice Consul of the Russian Consulate General in Milan<\/i><\/p>\n<p><a href=\"resource\/doc\/2015\/05\/Mathias%20Rongved.docx\">Mathias Rongved, <i>Norwegian Embassy in Rome<\/i><\/a><\/p>\n<p><a href=\"resource\/doc\/2015\/05\/Gunnar%20Bragi%20Sveinsson.docx\">Gunnar Bragi Sveinsson, <i>Foreign Minister of Iceland <\/i><\/a><\/p>\n","protected":false},"excerpt":{"rendered":"Ha avuto luogo nei giorni 11 e 12 dicembre a Venezia la conferenza internazionale sui cambiamenti climatici nell\u2019Artico, organizzata dal Ministero degli Affari Esteri e della Cooperazione Internazionale, Direzione Generale per l\u2019Unione Europea, con la collaborazione della SIOI e della \u201cVenezia International University\u201d, che ha messo a disposizione i propri locali. Tre sessioni e tavola [&hellip;]","protected":false},"author":1,"featured_media":0,"comment_status":"","ping_status":"","sticky":false,"template":"","format":"standard","meta":{"footnotes":""},"categories":[2],"tags":[44,9,42],"class_list":["post-55979","post","type-post","status-publish","format-standard","hentry","category-approfondimenti","tag-energia-ambiente","tag-europa","tag-unione-europea"],"_links":{"self":[{"href":"https:\/\/www.esteri.it\/it\/wp-json\/wp\/v2\/posts\/55979","targetHints":{"allow":["GET"]}}],"collection":[{"href":"https:\/\/www.esteri.it\/it\/wp-json\/wp\/v2\/posts"}],"about":[{"href":"https:\/\/www.esteri.it\/it\/wp-json\/wp\/v2\/types\/post"}],"author":[{"embeddable":true,"href":"https:\/\/www.esteri.it\/it\/wp-json\/wp\/v2\/users\/1"}],"replies":[{"embeddable":true,"href":"https:\/\/www.esteri.it\/it\/wp-json\/wp\/v2\/comments?post=55979"}],"version-history":[{"count":0,"href":"https:\/\/www.esteri.it\/it\/wp-json\/wp\/v2\/posts\/55979\/revisions"}],"wp:attachment":[{"href":"https:\/\/www.esteri.it\/it\/wp-json\/wp\/v2\/media?parent=55979"}],"wp:term":[{"taxonomy":"category","embeddable":true,"href":"https:\/\/www.esteri.it\/it\/wp-json\/wp\/v2\/categories?post=55979"},{"taxonomy":"post_tag","embeddable":true,"href":"https:\/\/www.esteri.it\/it\/wp-json\/wp\/v2\/tags?post=55979"}],"curies":[{"name":"wp","href":"https:\/\/api.w.org\/{rel}","templated":true}]}}