{"id":56841,"date":"2021-07-19T16:23:40","date_gmt":"2021-07-19T14:23:40","guid":{"rendered":"https:\/\/www.esteri.it\/sala_stampa\/archivionotizie\/comunicati\/2021\/07\/l-italia-e-il-sahel\/"},"modified":"2021-07-19T16:23:40","modified_gmt":"2021-07-19T14:23:40","slug":"l-italia-e-il-sahel","status":"publish","type":"post","link":"https:\/\/www.esteri.it\/it\/sala_stampa\/archivionotizie\/approfondimenti\/2021\/07\/l-italia-e-il-sahel\/","title":{"rendered":"L\u2019Italia e il Sahel"},"content":{"rendered":"<p>In poche altre regioni al mondo l\u2019Italia ha accresciuto la propria presenza in maniera cos\u00ec intensa come avvenuto negli ultimi anni nel Sahel. La recente nomina di Emanuela Del Re quale nuovo Rappresentante Speciale dell\u2019UE per il Sahel, prima donna e prima italiana a ricoprire questo prestigioso incarico, ne rappresenta un importante riconoscimento.<\/p>\n<p>L\u2019Africa e il Mediterraneo allargato sono al centro della nostra politica estera e sono alla base del nostro impegno per il Sahel. Siamo infatti convinti che esista una stretta interdipendenza tra la stabilit\u00e0 della regione e la sicurezza di tutta l\u2019Europa, interdipendenza che \u00e8 destinata ad aumentare a fronte delle sfide comuni imposte dalla minaccia jihadista, dai cambiamenti climatici e dalle pandemie. Anche dal punto di vista economico, esiste un amplissimo spazio per una cooperazione rafforzata e mutualmente vantaggiosa.<\/p>\n<p>L\u2019Italia ha costruito la propria presenza nel continente africano seguendo un approccio multidimensionale, puntando sull\u2019intensificazione del dialogo politico, sull\u2019aumento del contributo alla sicurezza, sul rafforzamento delle istituzioni statuali e sullo sviluppo sostenibile.<\/p>\n<p>La chiave di volta di quest\u2019azione \u00e8 innanzi tutto il rafforzamento della nostra rete diplomatica. Negli ultimi quattro anni abbiamo aperto nuove Ambasciate in Niger e Burkina Faso a cui, non appena le condizioni politiche e di sicurezza lo consentiranno, si aggiungeranno Mali e Ciad. Nel 2018, \u00e8 stata lanciata la nostra prima missione militare di formazione e assistenza in Niger (MISIN), che ha consentito di addestrare circa 5mila unit\u00e0 delle Forze Armate nigerine nel contrasto al terrorismo e nel controllo delle frontiere. Nel corso della mia recente missione a Niamey le Autorit\u00e0 nigerine mi hanno manifestato grande apprezzamento per questa iniziativa, chiedendoci di rafforzarla.<\/p>\n<p>L\u2019Italia partecipa inoltre da protagonista a tutte le missioni europee di formazione, addestramento e sviluppo nell\u2019area &#8211; EUTM e EUCAP &#8211; e alla missione di peacekeeping ONU per la stabilizzazione del Mali (MINUSMA). Dallo scorso anno, il nostro Paese ha inoltre aderito alla \u201cCoalizione per il Sahel\u201d, organismo internazionale che ha l\u2019obiettivo di rafforzare il coordinamento tra le attivit\u00e0 dei numerosi partner internazionali a beneficio dei Paesi del G5 Sahel (Mauritania, Niger, Mali, Burkina Faso e Ciad). In questo contesto, abbiamo anche deciso, con il Ministro della Difesa Lorenzo Guerini, di contribuire alla Task Force Takuba, la missione speciale europea che sostiene le forze di sicurezza locali nel contrasto al terrorismo.<\/p>\n<p>Per dare maggiore concretezza alla nostra presenza, abbiamo poi istituito il Fondo Migrazioni, che dal 2017 ha finanziato progetti per l\u2019assistenza ai rifugiati, le attivit\u00e0 di rimpatrio volontario, il controllo delle frontiere e la lotta alle cause profonde delle migrazioni, nel quadro del quale sono stati erogati 110 milioni di euro a favore della regione. Il Fondo Migrazioni si \u00e8 rivelato, poi, particolarmente efficace nell\u2019aiutare la gestione del fenomeno migratorio e nel sostenere istituzioni e comunit\u00e0 locali.<\/p>\n<p>Accanto a questo strumento prosegue la tradizionale e continua azione della Cooperazione Italiana che, in stretto raccordo con le Autorit\u00e0 locali, opera incessantemente a sostegno di una crescita economica inclusiva e sostenibile in tutta la regione con un impegno complessivo si attesta, al momento, su circa 150 milioni di euro.<\/p>\n<p>Il nostro Paese si \u00e8 fatto portavoce della centralit\u00e0 del Sahel anche a livello multilaterale. Nella Riunione Ministeriale dei Paesi partecipanti alla Coalizione anti-Daesh che ho co-presieduto a Roma il 28 giugno assieme al Segretario di Stato USA Antony Blinken, abbiamo proposto la costituzione di un gruppo di lavoro o piattaforma dedicato alle situazioni di crisi in Africa, specie in Sahel e Mozambico.<\/p>\n<p>Al G20 di Matera abbiamo inoltre voluto dedicare la riunione dei Ministri Esteri e Sviluppo alle sfide dell\u2019Africa e del Sahel. La \u201cDichiarazione di Matera\u201d sulla sicurezza alimentare, la nutrizione e i sistemi alimentari rappresenta un \u201cinvito all\u2019azione\u201d per tutta la comunit\u00e0 internazionale che si fonda su due principi politici fondamentali: mantenere la sicurezza alimentare e la nutrizione come questioni prioritarie nell&#8217;agenda politica internazionale e concentrare gli sforzi in politiche e investimenti che producano effetti stabili anche nel medio e lungo termine. Ci\u00f2 vale soprattutto per il continente africano e per il Sahel, dove ci preoccupano i risvolti sanitari e finanziari del Covid. Siamo convinti che il G20 abbia il dovere di sostenere il Continente africano per uscire da questo periodo difficile e riprendere un sentiero di crescita sostenuta e, soprattutto, sostenibile. Dobbiamo agire insieme per liberare l\u2019enorme potenziale di crescita dell\u2019Africa perch\u00e9 ogni miglioramento nelle condizioni di vita delle popolazioni e nella lotta alla povert\u00e0 avr\u00e0 conseguenze positive e immediate su entrambe le rive del Mediterraneo e, pi\u00f9 in generale, in tutto il pianeta.<\/p>\n<p>Riprenderemo questi temi anche a inizio ottobre, quando a Roma ospiteremo \u201cIncontri con l\u2019Africa\u201d, un evento ministeriale dedicato alla transizione ecologica ed energetica nel quadro della co-presidenza italiana della COP26. Temi decisivi per il futuro del Continente africano, per i quali \u00e8 richiesta una risposta condivisa, secondo i valori di quel multilateralismo efficace di cui quest\u2019anno l\u2019Italia si sta facendo interprete al pi\u00f9 alto livello.<\/p>\n<p>La nostra naturale proiezione geopolitica e la piena consapevolezza del ruolo che possiamo svolgere, rendono evidente come l\u2019Italia stia facendo nel Sahel un investimento strategico di medio-lungo periodo. Continueremo ad essere al vostro fianco, sia sul piano bilaterale che nei maggiori consessi internazionali, per contribuire ad un futuro di stabilit\u00e0, sviluppo sostenibile e prosperit\u00e0 per questa meravigliosa regione.<\/p>\n","protected":false},"excerpt":{"rendered":"In poche altre regioni al mondo l\u2019Italia ha accresciuto la propria presenza in maniera cos\u00ec intensa come avvenuto negli ultimi anni nel Sahel. La recente nomina di Emanuela Del Re quale nuovo Rappresentante Speciale dell\u2019UE per il Sahel, prima donna e prima italiana a ricoprire questo prestigioso incarico, ne rappresenta un importante riconoscimento. L\u2019Africa e [&hellip;]","protected":false},"author":1,"featured_media":0,"comment_status":"","ping_status":"","sticky":false,"template":"","format":"standard","meta":{"footnotes":""},"categories":[2],"tags":[31,76],"class_list":["post-56841","post","type-post","status-publish","format-standard","hentry","category-approfondimenti","tag-africa","tag-ministri-precedenti"],"_links":{"self":[{"href":"https:\/\/www.esteri.it\/it\/wp-json\/wp\/v2\/posts\/56841","targetHints":{"allow":["GET"]}}],"collection":[{"href":"https:\/\/www.esteri.it\/it\/wp-json\/wp\/v2\/posts"}],"about":[{"href":"https:\/\/www.esteri.it\/it\/wp-json\/wp\/v2\/types\/post"}],"author":[{"embeddable":true,"href":"https:\/\/www.esteri.it\/it\/wp-json\/wp\/v2\/users\/1"}],"replies":[{"embeddable":true,"href":"https:\/\/www.esteri.it\/it\/wp-json\/wp\/v2\/comments?post=56841"}],"version-history":[{"count":0,"href":"https:\/\/www.esteri.it\/it\/wp-json\/wp\/v2\/posts\/56841\/revisions"}],"wp:attachment":[{"href":"https:\/\/www.esteri.it\/it\/wp-json\/wp\/v2\/media?parent=56841"}],"wp:term":[{"taxonomy":"category","embeddable":true,"href":"https:\/\/www.esteri.it\/it\/wp-json\/wp\/v2\/categories?post=56841"},{"taxonomy":"post_tag","embeddable":true,"href":"https:\/\/www.esteri.it\/it\/wp-json\/wp\/v2\/tags?post=56841"}],"curies":[{"name":"wp","href":"https:\/\/api.w.org\/{rel}","templated":true}]}}