{"id":56854,"date":"2021-07-13T14:00:40","date_gmt":"2021-07-13T12:00:40","guid":{"rendered":"https:\/\/www.esteri.it\/sala_stampa\/archivionotizie\/comunicati\/2021\/07\/colloquio-telefonico-del-ministro-luigi-di-maio-con-la-vice-presidente-della-colombia-marta-lucia-ramirez-de-rincon\/"},"modified":"2021-07-13T14:00:40","modified_gmt":"2021-07-13T12:00:40","slug":"colloquio-telefonico-del-ministro-luigi-di-maio-con-la-vice-presidente-della-colombia-marta-lucia-ramirez-de-rincon","status":"publish","type":"post","link":"https:\/\/www.esteri.it\/it\/sala_stampa\/archivionotizie\/approfondimenti\/2021\/07\/colloquio-telefonico-del-ministro-luigi-di-maio-con-la-vice-presidente-della-colombia-marta-lucia-ramirez-de-rincon\/","title":{"rendered":"Colloquio telefonico del Ministro Luigi Di Maio con la Vice Presidente della Colombia, Marta Luc\u00eda Ram\u00edrez de Rinc\u00f3n"},"content":{"rendered":"<p>Il Ministro degli Affari Esteri e della Cooperazione Internazionale, Luigi Di Maio, ha avuto un colloquio telefonico con\u00a0la Vice Presidente della Colombia,\u00a0MMarta Luc\u00eda Ram\u00edrez de\u00a0Rinc\u00f3n.\u00a0Il Ministro ha ribadito il sostegno dell&#8217;Italia alle istituzioni democratiche colombiane e l&#8217;importanza di continuare a collaborare sul caso Paciolla. E&#8217; stata infine ricordata la X Conferenza Italia, America Latina e Caraibi sui temi della Presidenza italiana del G20:\u00a0\u201cPeople, Planet, Prosperity\u201d.<\/p>\n<p>\u00a0<\/p>\n<p><img loading=\"lazy\" decoding=\"async\" src=\"https:\/\/www.esteri.it\/mae\/resource\/img\/2021\/07\/mae_colombia.jpg\" width=\"600\" height=\"337\" alt=\"mae colombia\" style=\"display: block; margin-left: auto; margin-right: auto;\" \/><\/p>\n","protected":false},"excerpt":{"rendered":"Il Ministro degli Affari Esteri e della Cooperazione Internazionale, Luigi Di Maio, ha avuto un colloquio telefonico con\u00a0la Vice Presidente della Colombia,\u00a0MMarta Luc\u00eda Ram\u00edrez de\u00a0Rinc\u00f3n.\u00a0Il Ministro ha ribadito il sostegno dell&#8217;Italia alle istituzioni democratiche colombiane e l&#8217;importanza di continuare a collaborare sul caso Paciolla. E&#8217; stata infine ricordata la X Conferenza Italia, America Latina e [&hellip;]","protected":false},"author":1,"featured_media":0,"comment_status":"","ping_status":"","sticky":false,"template":"","format":"standard","meta":{"footnotes":""},"categories":[2],"tags":[398,76],"class_list":["post-56854","post","type-post","status-publish","format-standard","hentry","category-approfondimenti","tag-america-latina-e-caraibi","tag-ministri-precedenti"],"_links":{"self":[{"href":"https:\/\/www.esteri.it\/it\/wp-json\/wp\/v2\/posts\/56854","targetHints":{"allow":["GET"]}}],"collection":[{"href":"https:\/\/www.esteri.it\/it\/wp-json\/wp\/v2\/posts"}],"about":[{"href":"https:\/\/www.esteri.it\/it\/wp-json\/wp\/v2\/types\/post"}],"author":[{"embeddable":true,"href":"https:\/\/www.esteri.it\/it\/wp-json\/wp\/v2\/users\/1"}],"replies":[{"embeddable":true,"href":"https:\/\/www.esteri.it\/it\/wp-json\/wp\/v2\/comments?post=56854"}],"version-history":[{"count":0,"href":"https:\/\/www.esteri.it\/it\/wp-json\/wp\/v2\/posts\/56854\/revisions"}],"wp:attachment":[{"href":"https:\/\/www.esteri.it\/it\/wp-json\/wp\/v2\/media?parent=56854"}],"wp:term":[{"taxonomy":"category","embeddable":true,"href":"https:\/\/www.esteri.it\/it\/wp-json\/wp\/v2\/categories?post=56854"},{"taxonomy":"post_tag","embeddable":true,"href":"https:\/\/www.esteri.it\/it\/wp-json\/wp\/v2\/tags?post=56854"}],"curies":[{"name":"wp","href":"https:\/\/api.w.org\/{rel}","templated":true}]}}