{"id":57075,"date":"2020-12-04T18:22:29","date_gmt":"2020-12-04T17:22:29","guid":{"rendered":"https:\/\/www.esteri.it\/sala_stampa\/archivionotizie\/comunicati\/2020\/12\/cantica21-elenco-ufficiale-dei-candidati-ammessi-e-selezionati\/"},"modified":"2020-12-04T18:22:29","modified_gmt":"2020-12-04T17:22:29","slug":"cantica21-elenco-ufficiale-dei-candidati-ammessi-e-selezionati","status":"publish","type":"post","link":"https:\/\/www.esteri.it\/it\/sala_stampa\/archivionotizie\/eventi\/2020\/12\/cantica21-elenco-ufficiale-dei-candidati-ammessi-e-selezionati\/","title":{"rendered":"Cantica21: elenco ufficiale dei candidati ammessi e selezionati"},"content":{"rendered":"<p>&#8220;Cantica21. Italian Contemporary Art Everywhere&#8221;\u00a0\u00e8 un\u2019iniziativa congiunta promossa da MAECI (Ministero degli Affari Esteri e della Cooperazione Internazionale \u2013 Direzione Generale per la Promozione del Sistema Paese) e MiBACT (Ministero per i Beni e le Attivit\u00e0 culturali e per il turismo \u2013 Direzione Generale Creativit\u00e0 Contemporanea) con l\u2019obiettivo di promuovere e stimolare la ricerca e la pratica sulle arti visive contemporanee, sostenendo e rilanciando le capacit\u00e0 ideative di artisti e creativi italiani.\u00a0<\/p>\n<p>Cantica21 ha come fine l\u2019acquisizione di Proposte progettuali artistiche e la successiva Produzione di opere originali, destinate all&#8217;incremento delle collezioni pubbliche e a divenire parte di una mostra d\u2019arte \u201cdiffusa\u201d negli spazi della rete diplomatico-consolare e degli Istituti Italiani di Cultura nel mondo.<\/p>\n<p>L\u2019Avviso, articolato in tre Sottosezioni, ha visto l\u2019ammissione per la Sezione A (rivolta ad artiste, artisti o collettivi fino ai 35 anni di et\u00e0) di 37 Proposte progettuali; per la Sezione B (rivolta ad artiste, artisti o collettivi di et\u00e0 superiore ai 35 anni di et\u00e0) di 100 Proposte progettuali; per la Sezione C (intesa all\u2019individuazione di progetti legati specificamente a Dante e all\u2019immaginario dantesco) di 68 Proposte progettuali.<\/p>\n<p>La Direzione Generale per la Promozione del Sistema Paese rivolge il proprio ringraziamento a tutte e a tutti coloro che hanno partecipato a Cantica21. Italian Contemporary Art Everywhere.<\/p>\n<p><a href=\"it\/sala_stampa\/archivionotizie\/eventi\/nota-farnesina-progetto-cantica21_0.html\">Cantica21 &#8211; Arte contemporanea nel mondo<\/p>\n<p><\/a><\/p>\n","protected":false},"excerpt":{"rendered":"&#8220;Cantica21. Italian Contemporary Art Everywhere&#8221;\u00a0\u00e8 un\u2019iniziativa congiunta promossa da MAECI (Ministero degli Affari Esteri e della Cooperazione Internazionale \u2013 Direzione Generale per la Promozione del Sistema Paese) e MiBACT (Ministero per i Beni e le Attivit\u00e0 culturali e per il turismo \u2013 Direzione Generale Creativit\u00e0 Contemporanea) con l\u2019obiettivo di promuovere e stimolare la ricerca e [&hellip;]","protected":false},"author":1,"featured_media":0,"comment_status":"","ping_status":"","sticky":false,"template":"","format":"standard","meta":{"footnotes":""},"categories":[21],"tags":[32,25],"class_list":["post-57075","post","type-post","status-publish","format-standard","hentry","category-eventi","tag-diplomazia-culturale","tag-farnesina"],"_links":{"self":[{"href":"https:\/\/www.esteri.it\/it\/wp-json\/wp\/v2\/posts\/57075","targetHints":{"allow":["GET"]}}],"collection":[{"href":"https:\/\/www.esteri.it\/it\/wp-json\/wp\/v2\/posts"}],"about":[{"href":"https:\/\/www.esteri.it\/it\/wp-json\/wp\/v2\/types\/post"}],"author":[{"embeddable":true,"href":"https:\/\/www.esteri.it\/it\/wp-json\/wp\/v2\/users\/1"}],"replies":[{"embeddable":true,"href":"https:\/\/www.esteri.it\/it\/wp-json\/wp\/v2\/comments?post=57075"}],"version-history":[{"count":0,"href":"https:\/\/www.esteri.it\/it\/wp-json\/wp\/v2\/posts\/57075\/revisions"}],"wp:attachment":[{"href":"https:\/\/www.esteri.it\/it\/wp-json\/wp\/v2\/media?parent=57075"}],"wp:term":[{"taxonomy":"category","embeddable":true,"href":"https:\/\/www.esteri.it\/it\/wp-json\/wp\/v2\/categories?post=57075"},{"taxonomy":"post_tag","embeddable":true,"href":"https:\/\/www.esteri.it\/it\/wp-json\/wp\/v2\/tags?post=57075"}],"curies":[{"name":"wp","href":"https:\/\/api.w.org\/{rel}","templated":true}]}}