{"id":57145,"date":"2020-10-09T17:29:45","date_gmt":"2020-10-09T15:29:45","guid":{"rendered":"https:\/\/www.esteri.it\/sala_stampa\/archivionotizie\/comunicati\/2020\/10\/premio-khaled-al-asaad-a-missione-archeologica-italiana\/"},"modified":"2020-10-09T17:29:45","modified_gmt":"2020-10-09T15:29:45","slug":"premio-khaled-al-asaad-a-missione-archeologica-italiana","status":"publish","type":"post","link":"https:\/\/www.esteri.it\/it\/sala_stampa\/archivionotizie\/eventi\/2020\/10\/premio-khaled-al-asaad-a-missione-archeologica-italiana\/","title":{"rendered":"Premio \u201dKhaled al-Asaad\u201d a missione archeologica italiana"},"content":{"rendered":"<p>\u00c8 andato al\u00a0Progetto\u00a0Archeologico Regionale Terra di Ninive (PARTeN) dell\u2019Universit\u00e0 di Udine,\u00a0il\u00a0premio \u201cKhaled al-Asaad\u201d International Archaeological Discovery Award 2020, promosso dalla Borsa Mediterranea del Turismo Archeologico (BMTA). Il premio, che sar\u00e0 consegnato a Paestum il prossimo 20 novembre, ha\u00a0voluto riconoscere l&#8217;importanza\u00a0del\u00a0lavoro di ricerca della missione sui rilievi assiri di Faida (Duhok) che ha portato\u00a0alla scoperta dei \u201cdieci rilievi rupestri assiri nel Kurdistan Iracheno\u201d.\u00a0Il progetto \u00e8 sostenuto dalla Farnesina nel quadro della valorizzazione delle Missioni Archeologiche italiane all\u2019estero, strumento chiave della diplomazia culturale per la promozione di proficue relazioni basate sul dialogo, cooperazione e salvaguardia della pace.<\/p>\n<p>Il Progetto Terra di Ninive, attivo dal 2012 e\u00a0diretto dal prof.\u00a0Daniele Morandi Bonacossi, vuole\u00a0ricostruire la formazione ed evoluzione del paesaggio culturale e naturale della\u00a0regione della Mesopotamia settentrionale, posta a cavallo fra le province di Ninive (Mosul) e Duhok (Iraq settentrionale, Regione del Kurdistan iracheno), nel periodo compreso fra Paleolitico ed et\u00e0 islamica, con l\u2019obiettivo di garantire la documentazione, la valorizzazione e la tutela del sito. Il programma di ricerca\u00a0prevede la cooperazione di diversi specialisti sul terreno attraverso convenzioni di collaborazione con la Direzione Generale delle Antichit\u00e0 della Regione del Kurdistan iracheno, lo State Board of Antiquities and Heritage (Baghdad), l&#8217;Universit\u00e0 Salahaddin di Erbil, l&#8217;Universit\u00e0 di Duhok e l&#8217;Universit\u00e0 Nawrouz di Duhok, nonch\u00e9 attivit\u00e0 didattico-formative sul campo per il personale iracheno della Direzione delle Antichit\u00e0 di Duhok e l\u2019uso di tecnologie innovative per\u00a0garantire la protezione e la valorizzazione del sito.<\/p>\n<p>Giunto alla sesta edizione,\u00a0Il premio\u00a0\u201dKhaled al-Asaad\u201d, istituito nel 2015, prevede la segnalazione e la partecipazione di alcune tra le pi\u00f9 importanti testate archeologiche internazionali, e\u00a0costituisce l\u2019unico riconoscimento mondiale dedicato agli archeologi.<\/p>\n<p align=\"center\"><img loading=\"lazy\" decoding=\"async\" src=\"https:\/\/www.esteri.it\/mae\/resource\/img\/2020\/10\/premio_khaledalasaad.jpg\" alt=\"premio khaledalasaad\" width=\"500\" height=\"333\" \/><\/p><\/p>\n","protected":false},"excerpt":{"rendered":"\u00c8 andato al\u00a0Progetto\u00a0Archeologico Regionale Terra di Ninive (PARTeN) dell\u2019Universit\u00e0 di Udine,\u00a0il\u00a0premio \u201cKhaled al-Asaad\u201d International Archaeological Discovery Award 2020, promosso dalla Borsa Mediterranea del Turismo Archeologico (BMTA). Il premio, che sar\u00e0 consegnato a Paestum il prossimo 20 novembre, ha\u00a0voluto riconoscere l&#8217;importanza\u00a0del\u00a0lavoro di ricerca della missione sui rilievi assiri di Faida (Duhok) che ha portato\u00a0alla scoperta dei [&hellip;]","protected":false},"author":1,"featured_media":0,"comment_status":"","ping_status":"","sticky":false,"template":"","format":"standard","meta":{"footnotes":""},"categories":[21],"tags":[32,25,6],"class_list":["post-57145","post","type-post","status-publish","format-standard","hentry","category-eventi","tag-diplomazia-culturale","tag-farnesina","tag-mediterraneo-e-medio-oriente"],"_links":{"self":[{"href":"https:\/\/www.esteri.it\/it\/wp-json\/wp\/v2\/posts\/57145","targetHints":{"allow":["GET"]}}],"collection":[{"href":"https:\/\/www.esteri.it\/it\/wp-json\/wp\/v2\/posts"}],"about":[{"href":"https:\/\/www.esteri.it\/it\/wp-json\/wp\/v2\/types\/post"}],"author":[{"embeddable":true,"href":"https:\/\/www.esteri.it\/it\/wp-json\/wp\/v2\/users\/1"}],"replies":[{"embeddable":true,"href":"https:\/\/www.esteri.it\/it\/wp-json\/wp\/v2\/comments?post=57145"}],"version-history":[{"count":0,"href":"https:\/\/www.esteri.it\/it\/wp-json\/wp\/v2\/posts\/57145\/revisions"}],"wp:attachment":[{"href":"https:\/\/www.esteri.it\/it\/wp-json\/wp\/v2\/media?parent=57145"}],"wp:term":[{"taxonomy":"category","embeddable":true,"href":"https:\/\/www.esteri.it\/it\/wp-json\/wp\/v2\/categories?post=57145"},{"taxonomy":"post_tag","embeddable":true,"href":"https:\/\/www.esteri.it\/it\/wp-json\/wp\/v2\/tags?post=57145"}],"curies":[{"name":"wp","href":"https:\/\/api.w.org\/{rel}","templated":true}]}}