{"id":57146,"date":"2020-10-09T14:34:11","date_gmt":"2020-10-09T12:34:11","guid":{"rendered":"https:\/\/www.esteri.it\/sala_stampa\/archivionotizie\/comunicati\/2020\/10\/nobel-sereni-moltiplicare-sforzi-contro-fame\/"},"modified":"2020-10-09T14:34:11","modified_gmt":"2020-10-09T12:34:11","slug":"nobel-sereni-moltiplicare-sforzi-contro-fame","status":"publish","type":"post","link":"https:\/\/www.esteri.it\/it\/sala_stampa\/archivionotizie\/eventi\/2020\/10\/nobel-sereni-moltiplicare-sforzi-contro-fame\/","title":{"rendered":"Nobel, Sereni: moltiplicare sforzi contro fame"},"content":{"rendered":"<p>\u201cIl Nobel per la pace assegnato al World Food Programme non \u00e8 solo il meritatissimo riconoscimento a un\u2019agenzia delle Nazioni Unite che svolge in ogni emergenza un lavoro unico e di fondamentale importanza. \u00c8 una sollecitazione per tutti i Governi a comprendere quanto sia essenziale, ancor di pi\u00f9 oggi di fronte alle conseguenze della pandemia del Covid19, la lotta contro la fame e la malnutrizione nel mondo\u201d Lo dichiara la Vice Ministra degli Esteri Marina Sereni che aggiunge: \u201cLa pace, ci dicono da Oslo, si difende affrontando le cause profonde da cui spesso nascono i conflitti e le le guerre. Il nesso tra fame, povert\u00e0 e instabilit\u00e0 nelle aree pi\u00f9 fragili del pianeta appare evidente a chiunque e tuttavia si fa ancora troppo poco a livello internazionale per cercare soluzioni a tutto questo\u201d.<\/p>\n<p>\u201cSiamo orgogliosi di ospitare a Roma il Polo delle Nazioni Unite dedicato all\u2019alimentazione. Il Nobel al WFP &#8211; conclude Sereni &#8211; ci incoraggia a proseguire con la Food Coalition che l\u2019Italia ha lanciato in ambito Fao, nella consapevolezza di quanto possa essere grave l\u2019impatto della pandemia per le societ\u00e0 e le economie dei Paesi pi\u00f9 poveri, e a rilanciare l\u2019impegno del nostro Paese in vista del Summit mondiale sui sistemi alimentari.\u201d<\/p>\n","protected":false},"excerpt":{"rendered":"\u201cIl Nobel per la pace assegnato al World Food Programme non \u00e8 solo il meritatissimo riconoscimento a un\u2019agenzia delle Nazioni Unite che svolge in ogni emergenza un lavoro unico e di fondamentale importanza. \u00c8 una sollecitazione per tutti i Governi a comprendere quanto sia essenziale, ancor di pi\u00f9 oggi di fronte alle conseguenze della pandemia [&hellip;]","protected":false},"author":1,"featured_media":0,"comment_status":"","ping_status":"","sticky":false,"template":"","format":"standard","meta":{"footnotes":""},"categories":[21],"tags":[],"class_list":["post-57146","post","type-post","status-publish","format-standard","hentry","category-eventi"],"_links":{"self":[{"href":"https:\/\/www.esteri.it\/it\/wp-json\/wp\/v2\/posts\/57146","targetHints":{"allow":["GET"]}}],"collection":[{"href":"https:\/\/www.esteri.it\/it\/wp-json\/wp\/v2\/posts"}],"about":[{"href":"https:\/\/www.esteri.it\/it\/wp-json\/wp\/v2\/types\/post"}],"author":[{"embeddable":true,"href":"https:\/\/www.esteri.it\/it\/wp-json\/wp\/v2\/users\/1"}],"replies":[{"embeddable":true,"href":"https:\/\/www.esteri.it\/it\/wp-json\/wp\/v2\/comments?post=57146"}],"version-history":[{"count":0,"href":"https:\/\/www.esteri.it\/it\/wp-json\/wp\/v2\/posts\/57146\/revisions"}],"wp:attachment":[{"href":"https:\/\/www.esteri.it\/it\/wp-json\/wp\/v2\/media?parent=57146"}],"wp:term":[{"taxonomy":"category","embeddable":true,"href":"https:\/\/www.esteri.it\/it\/wp-json\/wp\/v2\/categories?post=57146"},{"taxonomy":"post_tag","embeddable":true,"href":"https:\/\/www.esteri.it\/it\/wp-json\/wp\/v2\/tags?post=57146"}],"curies":[{"name":"wp","href":"https:\/\/api.w.org\/{rel}","templated":true}]}}