{"id":57162,"date":"2020-10-02T18:09:55","date_gmt":"2020-10-02T16:09:55","guid":{"rendered":"https:\/\/www.esteri.it\/sala_stampa\/archivionotizie\/comunicati\/2020\/10\/sereni-valorizzare-e-diffondere-i-migliori-talenti-artistici-della-scena-contemporanea-e-una-delle-priorita-della-diplomazia-culturale-italiana\/"},"modified":"2020-10-02T18:09:55","modified_gmt":"2020-10-02T16:09:55","slug":"sereni-valorizzare-e-diffondere-i-migliori-talenti-artistici-della-scena-contemporanea-e-una-delle-priorita-della-diplomazia-culturale-italiana","status":"publish","type":"post","link":"https:\/\/www.esteri.it\/it\/sala_stampa\/archivionotizie\/eventi\/2020\/10\/sereni-valorizzare-e-diffondere-i-migliori-talenti-artistici-della-scena-contemporanea-e-una-delle-priorita-della-diplomazia-culturale-italiana\/","title":{"rendered":"Sereni: \u201cValorizzare e diffondere i migliori talenti artistici della scena contemporanea \u00e8 una delle priorit\u00e0 della diplomazia culturale italiana\u201d"},"content":{"rendered":"<p style=\"text-align: justify;\">\u201cValorizzare e diffondere i migliori talenti artistici della scena contemporanea \u00e8 una delle priorit\u00e0 della diplomazia culturale italiana. A maggior ragione, questa priorit\u00e0 acquista valore e importanza nel momento attuale. Cantica21, attraverso un\u2019originale mostra diffusa presso Ambasciate, Consolati e Istituti di Cultura consentir\u00e0 a un vasto pubblico internazionale di conoscere i migliori talenti italiani nel campo delle arti visive. L\u2019invito a partecipare \u00e8 esteso ad artisti sia emergenti sia affermati, ognuno potr\u00e0 contribuire alla costruzione di un\u2019immagine nuova dell\u2019Italia, positiva, creativa, dinamica\u201d \u2013 \u00e8 quanto afferma in un videomessaggio\u00a0la Viceministra degli Affari Esteri e della Cooperazione Internazionale con delega alla promozione della lingua e della cultura italiana all\u2019estero,\u00a0Marina Sereni\u00a0a sostegno del progetto\u00a0Cantica21. Italian Contemporary Art Everywhere.<\/p>\n<p><iframe loading=\"lazy\" width=\"560\" height=\"315\" src=\"https:\/\/www.youtube-nocookie.com\/embed\/5K1ai5hiwdQ\" seamless=\"seamless\" allow=\"accelerometer; autoplay; clipboard-write; encrypted-media; gyroscope; picture-in-picture\" allowfullscreen=\"allowfullscreen\" style=\"display: block; margin-left: auto; margin-right: auto;\"><\/iframe><\/p>\n<p style=\"text-align: justify;\">Sono aperte le candidature a\u00a0Cantica21. Italian Contemporary Art Everywhere<strong>, <\/strong>un progetto di committenza pubblica per sostenere la produzione di opere d\u2019arte contemporanea. L\u2019iniziativa \u00e8 promossa dal Ministero degli Affari Esteri e della Cooperazione Internazionale (MAECI) \u2013 Direzione Generale per la Promozione del Sistema Paese e dal Ministero per i Beni e le Attivit\u00e0 Culturali e per il Turismo (MiBACT) \u2013 Direzione Generale Creativit\u00e0 Contemporanea, in linea con il piano di promozione integrata \u201cVivere ALL\u2019italiana\u201d. Cantica21 vuole incentivare le capacit\u00e0 ideative e il lavoro degli artisti italiani sostenendoli sul piano internazionale attraverso una mostra d\u2019arte diffusa che avr\u00e0 luogo negli Istituti Italiani di Cultura, nelle Ambasciate e nei Consolati italiani.<\/p>\n<p style=\"text-align: justify;\">L\u2019obiettivo del progetto \u00e8\u00a0veicolare un\u2019immagine autentica dell\u2019Italia del XXI secolo, costruendo una nuova e pi\u00f9 forte narrazione attraverso il contemporaneo. La partecipazione \u00e8 rivolta ad artisti o collettivi italiani e\/o residenti in Italia per l\u2019ideazione e la produzione di opere d\u2019arte contemporanea inedite. L\u2019Avviso si articola in\u00a0tre distinte sezioni. La prima \u00e8 riservata ad artisti o collettivi fino ai 35 anni di et\u00e0 (anche emergenti); la seconda ad artisti o collettivi di et\u00e0 superiore ai 35 anni; la terza invece selezioner\u00e0 opere dedicate alla figura di Dante.<\/p>\n<p style=\"text-align: justify;\">Per partecipare, occorre presentare la propria candidatura come descritto nell\u2019Avviso scaricabile dal sito\u00a0<a href=\"http:\/\/www.cantica21.it\/\"><strong>www.cantica21.it<\/strong><\/a>, inviando la documentazione richiesta\u00a0entro e non oltre le ore 12.00 del 19 ottobre 2020.<\/p>\n<p style=\"text-align: justify;\">\u00a0<\/p>\n<p>\u00a0<\/p>\n","protected":false},"excerpt":{"rendered":"\u201cValorizzare e diffondere i migliori talenti artistici della scena contemporanea \u00e8 una delle priorit\u00e0 della diplomazia culturale italiana. A maggior ragione, questa priorit\u00e0 acquista valore e importanza nel momento attuale. Cantica21, attraverso un\u2019originale mostra diffusa presso Ambasciate, Consolati e Istituti di Cultura consentir\u00e0 a un vasto pubblico internazionale di conoscere i migliori talenti italiani nel [&hellip;]","protected":false},"author":1,"featured_media":0,"comment_status":"","ping_status":"","sticky":false,"template":"","format":"standard","meta":{"footnotes":""},"categories":[21],"tags":[32,399],"class_list":["post-57162","post","type-post","status-publish","format-standard","hentry","category-eventi","tag-diplomazia-culturale","tag-vice-ministri-e-sottosegretari-precedenti"],"_links":{"self":[{"href":"https:\/\/www.esteri.it\/it\/wp-json\/wp\/v2\/posts\/57162","targetHints":{"allow":["GET"]}}],"collection":[{"href":"https:\/\/www.esteri.it\/it\/wp-json\/wp\/v2\/posts"}],"about":[{"href":"https:\/\/www.esteri.it\/it\/wp-json\/wp\/v2\/types\/post"}],"author":[{"embeddable":true,"href":"https:\/\/www.esteri.it\/it\/wp-json\/wp\/v2\/users\/1"}],"replies":[{"embeddable":true,"href":"https:\/\/www.esteri.it\/it\/wp-json\/wp\/v2\/comments?post=57162"}],"version-history":[{"count":0,"href":"https:\/\/www.esteri.it\/it\/wp-json\/wp\/v2\/posts\/57162\/revisions"}],"wp:attachment":[{"href":"https:\/\/www.esteri.it\/it\/wp-json\/wp\/v2\/media?parent=57162"}],"wp:term":[{"taxonomy":"category","embeddable":true,"href":"https:\/\/www.esteri.it\/it\/wp-json\/wp\/v2\/categories?post=57162"},{"taxonomy":"post_tag","embeddable":true,"href":"https:\/\/www.esteri.it\/it\/wp-json\/wp\/v2\/tags?post=57162"}],"curies":[{"name":"wp","href":"https:\/\/api.w.org\/{rel}","templated":true}]}}