{"id":57174,"date":"2020-09-23T19:17:37","date_gmt":"2020-09-23T17:17:37","guid":{"rendered":"https:\/\/www.esteri.it\/sala_stampa\/archivionotizie\/comunicati\/2020\/09\/onu-sereni-italia-impegnata-per-no-a-discriminazioni-contro-lgbti_0\/"},"modified":"2020-09-23T19:17:37","modified_gmt":"2020-09-23T17:17:37","slug":"onu-sereni-italia-impegnata-per-no-a-discriminazioni-contro-lgbti_0","status":"publish","type":"post","link":"https:\/\/www.esteri.it\/it\/sala_stampa\/archivionotizie\/eventi\/2020\/09\/onu-sereni-italia-impegnata-per-no-a-discriminazioni-contro-lgbti_0\/","title":{"rendered":"ONU. Sereni: \u201cItalia impegnata per no a discriminazioni contro LGBTI"},"content":{"rendered":"<p style=\"text-align: justify;\">La Vice Ministra Marina Sereni \u00e8 intervenuta in videoconferenza all\u2019evento sull\u2019inclusione delle persone LGBTI, durante la 75ma Assemblea generale ONU. L\u2019evento, aperto da un intervento introduttivo dell\u2019Alta Commissaria delle Nazioni Unite per i Diritti Umani Bachelet, mira a rinnovare l\u2019impegno degli Stati a prendere posizione contro gli episodi di violenza di cui continuano ad essere oggetto in tutto il mondo le persone LGBTI, anche nell\u2019ottica di individuare le azioni necessarie per garantirne una piena inclusione nella societ\u00e0.<\/p>\n<p style=\"text-align: justify;\">\u201cLa lotta contro ogni forma di discriminazione, tra cui quelle sull&#8217;orientamento sessuale o sull&#8217;identit\u00e0 di genere, \u00e8 un impegno chiave dell&#8217;azione internazionale dell&#8217;Italia e rappresenta dunque una priorit\u00e0 del mandato che attualmente ricopriamo nel Consiglio per i diritti umani delle Nazioni Unite\u201d, ha detto la Vice Ministra.<\/p>\n<p style=\"text-align: justify;\">\u201cLe persone LGBTI sono molto spesso vittime di molteplici forme di discriminazione, abusi e violenze, che le spingono in un circolo vizioso che porta all\u2019esclusione\u201d, ha proseguito Sereni evidenziando anche come la pandemia di Covid-19 abbia peggiorato le disuguaglianze dei gruppi vulnerabili: \u201cLe persone LGBTI, gi\u00e0 oggetto di stigmatizzazione ed emarginazione in molti contesti, sono ora esposte a un rischio ancora maggiore di diventare vittime di discriminazione, dell\u2019incitazione all&#8217;odio e alla violenza, dentro e fuori le loro case, cos\u00ec come sulla rete\u201d.<\/p>\n<p style=\"text-align: justify;\">\u201cL&#8217;attuale crisi &#8211; ha concluso Sereni &#8211; offre a tutti noi l\u2019opportunit\u00e0 unica di ripensare le nostre politiche in modo pi\u00f9 inclusivo e di guardare alla protezione dei diritti delle persone LGBTI con un approccio pi\u00f9 ampio rispetto al passato. Non dobbiamo sprecare questa opportunit\u00e0, in quanto rappresenta un importante passo avanti per porre fine all\u2019esclusione sociale ed economica e per garantire che i diritti di tutti siano pienamente rispettati, senza lasciare nessuno indietro\u201d.<\/p>\n","protected":false},"excerpt":{"rendered":"La Vice Ministra Marina Sereni \u00e8 intervenuta in videoconferenza all\u2019evento sull\u2019inclusione delle persone LGBTI, durante la 75ma Assemblea generale ONU. L\u2019evento, aperto da un intervento introduttivo dell\u2019Alta Commissaria delle Nazioni Unite per i Diritti Umani Bachelet, mira a rinnovare l\u2019impegno degli Stati a prendere posizione contro gli episodi di violenza di cui continuano ad essere [&hellip;]","protected":false},"author":1,"featured_media":0,"comment_status":"","ping_status":"","sticky":false,"template":"","format":"standard","meta":{"footnotes":""},"categories":[21],"tags":[26],"class_list":["post-57174","post","type-post","status-publish","format-standard","hentry","category-eventi","tag-onu"],"_links":{"self":[{"href":"https:\/\/www.esteri.it\/it\/wp-json\/wp\/v2\/posts\/57174","targetHints":{"allow":["GET"]}}],"collection":[{"href":"https:\/\/www.esteri.it\/it\/wp-json\/wp\/v2\/posts"}],"about":[{"href":"https:\/\/www.esteri.it\/it\/wp-json\/wp\/v2\/types\/post"}],"author":[{"embeddable":true,"href":"https:\/\/www.esteri.it\/it\/wp-json\/wp\/v2\/users\/1"}],"replies":[{"embeddable":true,"href":"https:\/\/www.esteri.it\/it\/wp-json\/wp\/v2\/comments?post=57174"}],"version-history":[{"count":0,"href":"https:\/\/www.esteri.it\/it\/wp-json\/wp\/v2\/posts\/57174\/revisions"}],"wp:attachment":[{"href":"https:\/\/www.esteri.it\/it\/wp-json\/wp\/v2\/media?parent=57174"}],"wp:term":[{"taxonomy":"category","embeddable":true,"href":"https:\/\/www.esteri.it\/it\/wp-json\/wp\/v2\/categories?post=57174"},{"taxonomy":"post_tag","embeddable":true,"href":"https:\/\/www.esteri.it\/it\/wp-json\/wp\/v2\/tags?post=57174"}],"curies":[{"name":"wp","href":"https:\/\/api.w.org\/{rel}","templated":true}]}}