{"id":57176,"date":"2020-09-23T16:58:54","date_gmt":"2020-09-23T14:58:54","guid":{"rendered":"https:\/\/www.esteri.it\/sala_stampa\/archivionotizie\/comunicati\/2020\/09\/onu-sereni-corte-penale-internazionale-e-pilastro_0\/"},"modified":"2020-09-23T16:58:54","modified_gmt":"2020-09-23T14:58:54","slug":"onu-sereni-corte-penale-internazionale-e-pilastro_0","status":"publish","type":"post","link":"https:\/\/www.esteri.it\/it\/sala_stampa\/archivionotizie\/eventi\/2020\/09\/onu-sereni-corte-penale-internazionale-e-pilastro_0\/","title":{"rendered":"Onu. Sereni: \u201cCorte Penale Internazionale \u00e8 pilastro\u201d"},"content":{"rendered":"<p>La Vice Ministra Marina Sereni \u00e8 intervenuta in VTC all\u2019Informal Ministerial Network per la Corte Penale Internazionale (CPI), tenutosi a margine della 75\u00aa Assemblea Generale delle Nazioni Unite.<\/p>\n<p>La riunione dell\u2019IMN, che ha cadenza annuale, offre l&#8217;opportunit\u00e0 di una discussione sull\u2019operato della Corte, cardine del sistema di giustizia penale internazionale. Quest\u2019anno la discussione si \u00e8 particolarmente focalizzata sulle sanzioni recentemente adottate dagli Stati Uniti nei confronti della CPI, in particolare della Procuratrice Bensouda e sulle iniziative che potranno essere adottate a sostegno dell\u2019operato della Corte.<\/p>\n<p>\u201cL&#8217;Italia &#8211; ha proseguito Sereni &#8211; \u00e8 stata un convinto sostenitore della Corte penale internazionale sin dalla sua creazione Negli ultimi mesi, abbiamo osservato con grande preoccupazione frequenti attacchi politici contro la Corte e il suo personale. Abbiamo una particolare responsabilit\u00e0 nel sostenere l&#8217;indipendenza e l&#8217;integrit\u00e0 della Corte. Una responsabilit\u00e0 che pu\u00f2 essere espressa attraverso dichiarazioni pubbliche di sostegno &#8211; come quella che abbiamo sottoscritto a giugno, insieme ad altri 66 Stati Parti, e attraverso una \u2018diplomazia tranquilla\u2019&#8221;.<\/p>\n<p>\u201cLa Corte \u00e8 un pilastro dell\u2019ordine internazionale, in cui l\u2019Italia crede fermamente. Siate certi che da parte nostra non sar\u00e0 risparmiato alcuno sforzo per sostenere l&#8217;integrit\u00e0 e l&#8217;indipendenza della Corte\u201d, ha concluso la Vice Ministra.<\/p>\n<p><img loading=\"lazy\" decoding=\"async\" src=\"https:\/\/www.esteri.it\/mae\/resource\/img\/2020\/09\/sereniunga75.jpg\" alt=\"sereniunga75\" width=\"500\" height=\"281\" style=\"display: block; margin-left: auto; margin-right: auto;\" \/><\/p>\n","protected":false},"excerpt":{"rendered":"La Vice Ministra Marina Sereni \u00e8 intervenuta in VTC all\u2019Informal Ministerial Network per la Corte Penale Internazionale (CPI), tenutosi a margine della 75\u00aa Assemblea Generale delle Nazioni Unite. La riunione dell\u2019IMN, che ha cadenza annuale, offre l&#8217;opportunit\u00e0 di una discussione sull\u2019operato della Corte, cardine del sistema di giustizia penale internazionale. Quest\u2019anno la discussione si \u00e8 [&hellip;]","protected":false},"author":1,"featured_media":0,"comment_status":"","ping_status":"","sticky":false,"template":"","format":"standard","meta":{"footnotes":""},"categories":[21],"tags":[26],"class_list":["post-57176","post","type-post","status-publish","format-standard","hentry","category-eventi","tag-onu"],"_links":{"self":[{"href":"https:\/\/www.esteri.it\/it\/wp-json\/wp\/v2\/posts\/57176","targetHints":{"allow":["GET"]}}],"collection":[{"href":"https:\/\/www.esteri.it\/it\/wp-json\/wp\/v2\/posts"}],"about":[{"href":"https:\/\/www.esteri.it\/it\/wp-json\/wp\/v2\/types\/post"}],"author":[{"embeddable":true,"href":"https:\/\/www.esteri.it\/it\/wp-json\/wp\/v2\/users\/1"}],"replies":[{"embeddable":true,"href":"https:\/\/www.esteri.it\/it\/wp-json\/wp\/v2\/comments?post=57176"}],"version-history":[{"count":0,"href":"https:\/\/www.esteri.it\/it\/wp-json\/wp\/v2\/posts\/57176\/revisions"}],"wp:attachment":[{"href":"https:\/\/www.esteri.it\/it\/wp-json\/wp\/v2\/media?parent=57176"}],"wp:term":[{"taxonomy":"category","embeddable":true,"href":"https:\/\/www.esteri.it\/it\/wp-json\/wp\/v2\/categories?post=57176"},{"taxonomy":"post_tag","embeddable":true,"href":"https:\/\/www.esteri.it\/it\/wp-json\/wp\/v2\/tags?post=57176"}],"curies":[{"name":"wp","href":"https:\/\/api.w.org\/{rel}","templated":true}]}}