{"id":57216,"date":"2020-05-18T17:08:17","date_gmt":"2020-05-18T15:08:17","guid":{"rendered":"https:\/\/www.esteri.it\/sala_stampa\/archivionotizie\/comunicati\/2020\/05\/ferro-ice-l-expo-dubai-volano-per-la-ripresa-dopo-virus\/"},"modified":"2020-05-18T17:08:17","modified_gmt":"2020-05-18T15:08:17","slug":"ferro-ice-l-expo-dubai-volano-per-la-ripresa-dopo-virus","status":"publish","type":"post","link":"https:\/\/www.esteri.it\/it\/sala_stampa\/archivionotizie\/eventi\/2020\/05\/ferro-ice-l-expo-dubai-volano-per-la-ripresa-dopo-virus\/","title":{"rendered":"Ferro (Ice), l\u2019Expo Dubai volano per la ripresa dopo virus"},"content":{"rendered":"<p>\u201cQuella di Dubai sar\u00e0 una grande Esposizione Universale, un grande momento, un\u2019opportunit\u00e0 di business per le imprese italiane\u201d. Lo ha detto il presidente dell\u2019Ice Carlo Ferro in un videomessaggio per sottolineare la collaborazione con il Commissariato per la partecipazione dell\u2019Italia all\u2019esposizione universale di Dubai. Il rinvio dell\u2019Expo al primo ottobre 2021 permette ancora di pi\u00f9 alle imprese italiane di cogliere le opportunit\u00e0 di business in una fase che sar\u00e0 di ripresa per la nostra economia dopo la crisi legata alla pandemia globale.\u00a0\u00a0\u201cL\u2019ICE \u00e8 a fianco del Commissariato italiano e delle imprese italiane per far incontrare a Dubai il maggior numero possibile di operatori esteri\u201d, ha aggiunto Ferro notando che il claim della partecipazione dell&#8217;Italia all&#8217;Esposizione Universale, \u2018Beauty connects people\u2019 ben si addice &#8220;al bello e al ben fatto del Made in Italy, che vogliamo comunicare e portare nel mondo sempre di pi\u00f9 per fare dell\u2019export il driver della ripresa delle imprese come \u00e8 stato il driver della crescita delle nostre economie in questi anni&#8221;.\u00a0<\/p>\n<p>Gi\u00e0 nell\u2019evento \u201cOne Year to Go: il sistema d\u2019impresa a Expo 2020\u201d, tenutosi lo scorso ottobre a Roma alla presenza del Sottosegretario agli Affari esteri e alla Cooperazione internazionale Manlio Di Stefano, del Ministro dello Sviluppo e dell&#8217;Ambasciata degli Emirati Arabi Uniti in Italia, Ali Khalifa Al Nuaimi del Commissario generale per l&#8217;Italia a Expo Dubai Paolo Glisenti, il presidente dell\u2019ICE Carlo Ferro aveva indicato le linee guida di questa collaborazione.<\/p>\n","protected":false},"excerpt":{"rendered":"\u201cQuella di Dubai sar\u00e0 una grande Esposizione Universale, un grande momento, un\u2019opportunit\u00e0 di business per le imprese italiane\u201d. Lo ha detto il presidente dell\u2019Ice Carlo Ferro in un videomessaggio per sottolineare la collaborazione con il Commissariato per la partecipazione dell\u2019Italia all\u2019esposizione universale di Dubai. Il rinvio dell\u2019Expo al primo ottobre 2021 permette ancora di pi\u00f9 [&hellip;]","protected":false},"author":1,"featured_media":0,"comment_status":"","ping_status":"","sticky":false,"template":"","format":"standard","meta":{"footnotes":""},"categories":[21],"tags":[6,399],"class_list":["post-57216","post","type-post","status-publish","format-standard","hentry","category-eventi","tag-mediterraneo-e-medio-oriente","tag-vice-ministri-e-sottosegretari-precedenti"],"_links":{"self":[{"href":"https:\/\/www.esteri.it\/it\/wp-json\/wp\/v2\/posts\/57216","targetHints":{"allow":["GET"]}}],"collection":[{"href":"https:\/\/www.esteri.it\/it\/wp-json\/wp\/v2\/posts"}],"about":[{"href":"https:\/\/www.esteri.it\/it\/wp-json\/wp\/v2\/types\/post"}],"author":[{"embeddable":true,"href":"https:\/\/www.esteri.it\/it\/wp-json\/wp\/v2\/users\/1"}],"replies":[{"embeddable":true,"href":"https:\/\/www.esteri.it\/it\/wp-json\/wp\/v2\/comments?post=57216"}],"version-history":[{"count":0,"href":"https:\/\/www.esteri.it\/it\/wp-json\/wp\/v2\/posts\/57216\/revisions"}],"wp:attachment":[{"href":"https:\/\/www.esteri.it\/it\/wp-json\/wp\/v2\/media?parent=57216"}],"wp:term":[{"taxonomy":"category","embeddable":true,"href":"https:\/\/www.esteri.it\/it\/wp-json\/wp\/v2\/categories?post=57216"},{"taxonomy":"post_tag","embeddable":true,"href":"https:\/\/www.esteri.it\/it\/wp-json\/wp\/v2\/tags?post=57216"}],"curies":[{"name":"wp","href":"https:\/\/api.w.org\/{rel}","templated":true}]}}