{"id":57264,"date":"2020-01-23T14:06:47","date_gmt":"2020-01-23T13:06:47","guid":{"rendered":"https:\/\/www.esteri.it\/sala_stampa\/archivionotizie\/comunicati\/2020\/01\/scalfarotto-a-tavolo-altaroma-su-economia-circolare-e-fashion_0-2\/"},"modified":"2020-01-23T14:06:47","modified_gmt":"2020-01-23T13:06:47","slug":"scalfarotto-a-tavolo-altaroma-su-economia-circolare-e-fashion_0-2","status":"publish","type":"post","link":"https:\/\/www.esteri.it\/it\/sala_stampa\/archivionotizie\/eventi\/2020\/01\/scalfarotto-a-tavolo-altaroma-su-economia-circolare-e-fashion_0-2\/","title":{"rendered":"Scalfarotto a tavolo Altaroma, economia circolare e fashion"},"content":{"rendered":"<p>Il Sottosegretario Ivan Scalfarotto \u00e8 intervenuto questa mattina al tavolo di Altaroma dedicato all\u2019economia circolare e al fashion design con lo scopo di valorizzare i talenti emergenti che contribuiscono alla tutela e allo sviluppo del sistema moda Italia sostenibile.<\/p>\n<p>Proprio l\u2019innovazione al servizio di un equilibrio ecologico e sociale \u00e8 stata al centro dell\u2019intervento del Sottosegretario. \u201cLa dimensione sociale della moda deve andare di pari passo con quella ambientale. Entrambe sono le facce di una stessa medaglia: quella della sostenibilit\u00e0. In questi giorni al World Economic Forum di Davos si parla molto di \u2018stakeholder responsibility\u2019. Dobbiamo puntare a tutelare la competitivit\u00e0 e l\u2019unicit\u00e0 dei prodotti del made in Italy sui mercati esteri investendo sempre pi\u00f9 in innovazione, tecnologia e qualit\u00e0. Formazione e responsabilizzazione delle nuove generazioni sono la chiave per il futuro dell\u2019Italia.\u201d<\/p>\n","protected":false},"excerpt":{"rendered":"Il Sottosegretario Ivan Scalfarotto \u00e8 intervenuto questa mattina al tavolo di Altaroma dedicato all\u2019economia circolare e al fashion design con lo scopo di valorizzare i talenti emergenti che contribuiscono alla tutela e allo sviluppo del sistema moda Italia sostenibile. Proprio l\u2019innovazione al servizio di un equilibrio ecologico e sociale \u00e8 stata al centro dell\u2019intervento del [&hellip;]","protected":false},"author":1,"featured_media":0,"comment_status":"","ping_status":"","sticky":false,"template":"","format":"standard","meta":{"footnotes":""},"categories":[21],"tags":[],"class_list":["post-57264","post","type-post","status-publish","format-standard","hentry","category-eventi"],"_links":{"self":[{"href":"https:\/\/www.esteri.it\/it\/wp-json\/wp\/v2\/posts\/57264","targetHints":{"allow":["GET"]}}],"collection":[{"href":"https:\/\/www.esteri.it\/it\/wp-json\/wp\/v2\/posts"}],"about":[{"href":"https:\/\/www.esteri.it\/it\/wp-json\/wp\/v2\/types\/post"}],"author":[{"embeddable":true,"href":"https:\/\/www.esteri.it\/it\/wp-json\/wp\/v2\/users\/1"}],"replies":[{"embeddable":true,"href":"https:\/\/www.esteri.it\/it\/wp-json\/wp\/v2\/comments?post=57264"}],"version-history":[{"count":0,"href":"https:\/\/www.esteri.it\/it\/wp-json\/wp\/v2\/posts\/57264\/revisions"}],"wp:attachment":[{"href":"https:\/\/www.esteri.it\/it\/wp-json\/wp\/v2\/media?parent=57264"}],"wp:term":[{"taxonomy":"category","embeddable":true,"href":"https:\/\/www.esteri.it\/it\/wp-json\/wp\/v2\/categories?post=57264"},{"taxonomy":"post_tag","embeddable":true,"href":"https:\/\/www.esteri.it\/it\/wp-json\/wp\/v2\/tags?post=57264"}],"curies":[{"name":"wp","href":"https:\/\/api.w.org\/{rel}","templated":true}]}}