{"id":57309,"date":"2019-11-15T13:49:13","date_gmt":"2019-11-15T12:49:13","guid":{"rendered":"https:\/\/www.esteri.it\/sala_stampa\/archivionotizie\/comunicati\/2019\/11\/business-and-experts-forum-dell-iniziativa-centro-europea\/"},"modified":"2019-11-15T13:49:13","modified_gmt":"2019-11-15T12:49:13","slug":"business-and-experts-forum-dell-iniziativa-centro-europea","status":"publish","type":"post","link":"https:\/\/www.esteri.it\/it\/sala_stampa\/archivionotizie\/eventi\/2019\/11\/business-and-experts-forum-dell-iniziativa-centro-europea\/","title":{"rendered":"Business and Experts Forum dell\u2019Iniziativa Centro Europea"},"content":{"rendered":"<p>E\u2019 in corso oggi a Milano il Business and Experts Forum CEI. L\u2019iniziativa \u00e8 organizzata nel quadro della Presidenza italiana dell\u2019Iniziativa Centro Europea (CEI), dalla<strong> <\/strong><strong>Farnesina<\/strong><strong> <\/strong>in collaborazione con il <strong>Ministero delle Infrastrutture e dei Trasporti<\/strong><strong> <\/strong>e il<strong> <\/strong><strong>Segretariato Esecutivo della CEI<\/strong><strong> <\/strong>e con\u00a0il supporto di<strong> <\/strong><strong>Assolombarda<\/strong><strong>.<\/strong><\/p>\n<p>Il Forum rappresenta un primo seguito operativo della \u201cDichiarazione di Trieste\u201d adottata dai Ministri degli Affari Esteri dei paesi membri della CEI il 12 giugno 2019, che ha sancito la volont\u00e0 di rafforzare la dimensione economica dell\u2019Iniziativa Centro Europea, ponendo, in particolare l\u2019accento sulla cooperazione regionale nel settore della connettivit\u00e0 infrastrutturale.<\/p>\n<p>Significativo, a questo riguardo, che in occasione del trentennale della fondazione della CEI, il Ministero degli Affari Esteri e della Cooperazione Internazionale abbia deciso di dedicare proprio al tema delle infrastrutture una iniziativa per testimoniare l\u2019interesse verso un settore che certamente pu\u00f2 essere un volano per una pi\u00f9 efficace integrazione regionale coniugando esigenze di sviluppo tecnologico e di sostenibilit\u00e0.<\/p>\n<p>Ad aprire i lavori \u2013 introdotti dal Vice Presidente di Assolombarda, <strong>Alessandro Spada<\/strong> &#8211; il Ministro delle Infrastrutture e dei Trasporti, <strong>Paola De Micheli<\/strong>, il Vice Ministro allo Sviluppo Economico, <strong>Stefano Buffagni<\/strong> e il Segretario Generale della CEI, <strong>Roberto Antonione<\/strong>.<\/p>\n<p>Gli interventi della giornata sono stati incentrati sul tema della <strong>connettivit\u00e0 infrastrutturale e intermodale<\/strong> come fattore di sviluppo dei paesi dell\u2019area CEI con l\u2019obiettivo di approfondire le potenzialit\u00e0 di sviluppo delle connessioni terrestri (resti stradali e ferroviarie), marittime e delle progettualit\u00e0 nel settore portuale, nell&#8217;ottica di favorire il rafforzamento delle relazioni economiche e dei flussi commerciali con i Paesi CEI, anche alla luce della possibile evoluzione delle grandi rotte commerciali mondiali, terrestri e marittime.<\/p>\n<p>Un\u2019area, quella della CEI, che \u00e8 tradizionalmente strategica per gli interessi della politica estera italiana e per le nostre imprese e nella quale esistono ancora ampi margini per rafforzare le partnership anche nel settore infrastrutturale.<\/p>\n<p><i>Le infrastrutture hanno un ruolo fondamentale per collegare l\u2019Italia all\u2019Europa, ma anche al resto del mondo e rappresentano di fatto una leva imprescindibile per sostenere le economie di tutti i paesi <\/i>\u2013 ha dichiarato il Ministro delle Infrastrutture e dei Trasporti, Paola De Micheli &#8211;\u00a0 <i>L\u2019Italia si sta rimettendo in cammino sul fronte delle infrastrutture e nel farlo ritiene centrale il ruolo anche della cooperazione internazionale per rispondere alle sfide e per cogliere le opportunit\u00e0 della competitivit\u00e0 globale. I paesi dell\u2019Iniziativa Centro Europea rappresentano un\u2019opportunit\u00e0 di partenariato vero per la realizzazione di investimenti importanti. Penso in particolare al ruolo dei porti italiani e al loro collegamento via ferro, questa \u00e8 una grande occasione da trasformare in vantaggio competitivo per il nostro paese.<\/i><\/p>\n<p>Un piano ambizioso, quello dello sviluppo di progetti concreti tra l\u2019Italia e i Paesi CEI che non pu\u00f2 prescindere tuttavia dal contributo importante che potr\u00e0 arrivare non solo dalla Commissione Europea, ma anche dalle organizzazioni regionali \u2013 come la CEI e la IAI (Iniziativa Adriatico Ionico) \u2013 nelle quali l\u2019Italia svolge un ruolo guida significativo.<\/p>\n<p>Circa 150 i partecipanti al Forum in corso a Milano, in rappresentanza di istituzioni, imprese, banche, Commissione Europea ed esperti provenienti dai Paesi CEI.<\/p>\n<p>Il programma della giornata si \u00e8 articolato in quattro sessioni: la prima dedicata alla politica macro-regionale e alle soluzioni tecnologiche sostenibili nell&#8217;area\u00a0dei Paesi CEI; la seconda al tema delle connessioni intermodali mentre nella terza verranno passati in rassegna gli strumenti finanziari a disposizione delle aziende e per finire, l\u2019ultima sessione, dar\u00e0 spazio alla presentazione del settore privato e allo scambio di esperienze tra le imprese.<\/p>\n","protected":false},"excerpt":{"rendered":"E\u2019 in corso oggi a Milano il Business and Experts Forum CEI. L\u2019iniziativa \u00e8 organizzata nel quadro della Presidenza italiana dell\u2019Iniziativa Centro Europea (CEI), dalla Farnesina in collaborazione con il Ministero delle Infrastrutture e dei Trasporti e il Segretariato Esecutivo della CEI e con\u00a0il supporto di Assolombarda. Il Forum rappresenta un primo seguito operativo della [&hellip;]","protected":false},"author":1,"featured_media":0,"comment_status":"","ping_status":"","sticky":false,"template":"","format":"standard","meta":{"footnotes":""},"categories":[21],"tags":[3,9],"class_list":["post-57309","post","type-post","status-publish","format-standard","hentry","category-eventi","tag-diplomazia-economica","tag-europa"],"_links":{"self":[{"href":"https:\/\/www.esteri.it\/it\/wp-json\/wp\/v2\/posts\/57309","targetHints":{"allow":["GET"]}}],"collection":[{"href":"https:\/\/www.esteri.it\/it\/wp-json\/wp\/v2\/posts"}],"about":[{"href":"https:\/\/www.esteri.it\/it\/wp-json\/wp\/v2\/types\/post"}],"author":[{"embeddable":true,"href":"https:\/\/www.esteri.it\/it\/wp-json\/wp\/v2\/users\/1"}],"replies":[{"embeddable":true,"href":"https:\/\/www.esteri.it\/it\/wp-json\/wp\/v2\/comments?post=57309"}],"version-history":[{"count":0,"href":"https:\/\/www.esteri.it\/it\/wp-json\/wp\/v2\/posts\/57309\/revisions"}],"wp:attachment":[{"href":"https:\/\/www.esteri.it\/it\/wp-json\/wp\/v2\/media?parent=57309"}],"wp:term":[{"taxonomy":"category","embeddable":true,"href":"https:\/\/www.esteri.it\/it\/wp-json\/wp\/v2\/categories?post=57309"},{"taxonomy":"post_tag","embeddable":true,"href":"https:\/\/www.esteri.it\/it\/wp-json\/wp\/v2\/tags?post=57309"}],"curies":[{"name":"wp","href":"https:\/\/api.w.org\/{rel}","templated":true}]}}