{"id":57434,"date":"2019-03-12T12:29:28","date_gmt":"2019-03-12T11:29:28","guid":{"rendered":"https:\/\/www.esteri.it\/sala_stampa\/archivionotizie\/comunicati\/2019\/03\/eucise202-vip-day-italia-2\/"},"modified":"2019-03-12T12:29:28","modified_gmt":"2019-03-12T11:29:28","slug":"eucise202-vip-day-italia-2","status":"publish","type":"post","link":"https:\/\/www.esteri.it\/it\/sala_stampa\/archivionotizie\/eventi\/2019\/03\/eucise202-vip-day-italia-2\/","title":{"rendered":"EUCISE2020 vip day Italia"},"content":{"rendered":"<p><img loading=\"lazy\" decoding=\"async\" src=\"https:\/\/www.esteri.it\/mae\/resource\/img\/2019\/03\/di_stefano.jpg\" width=\"600\" height=\"400\" alt=\"di stefano\" style=\"display: block; margin-left: auto; margin-right: auto;\" \/><\/p>\n<p>Il Sottosegretario agli Affari Esteri e alla Cooperazione Internazionale, Manlio Di Stefano, ha aperto oggi alla Farnesina\u00a0 il VIP Day Italiano per la presentazione del progetto europeo di ricerca EUCISE2020.<\/p>\n<p>Il progetto, finanziato dalla Commissione Europea con uno stanziamento di circa 13 milioni di Euro, ha l\u2019obiettivo di realizzare il primo ambiente europeo di condivisione delle informazioni tra le autorit\u00e0 marittime degli Stati Membri, in vista della realizzazione e messa in opera, entro il 2020, del programma europeo CISE \u2013 Common Information Sharing Environment, parte del Piano di Azione della Strategia europea di Sicurezza Marittima.<\/p>\n<p>\u201cL\u2019obiettivo ambizioso del programma CISE\u201d &#8211; ha spiegato il Sottosegretario- \u00e8 di integrare\u00a0 le reti e i sistemi di sorveglianza esistenti per consentire a tutte le autorit\u00e0 interessate di accedere alle informazioni di cui hanno bisogno per le loro attivit\u00e0 e missioni in mare in un ambiente sempre pi\u00f9 interconnesso\u201d.<\/p>\n<p>\u201cViviamo il c.d. \u201cSecolo blu\u201d\u201d &#8211; ha aggiunto Di Stefano &#8211; \u201ccaratterizzato da una crescita economica, finanziaria e sociale sempre pi\u00f9 legata al mare, agli oceani. Gli ambienti Marini sono e saranno la fonte primaria dello sviluppo economico e sociale, soprattutto per un paese come l\u2019Italia a forte connotazione marittima\u201d.<\/p>\n<p>Ad oggi partecipano al progetto EUCISE2020 circa 60 autorit\u00e0 marittime, universit\u00e0, centri di ricerca e istituti oceanografici di 15 differenti paesi europei riuniti in un consorzio. Il progetto \u00e8 coordinato dall\u2019Agenzia Spaziale Italiana, per la quale ha partecipato alla giornata il commissario Piero Benvenuti, e la piattaforma interoperabile di scambio informazioni \u00e8 stata concretamente realizzata da un Consorzio di imprese europee guidato da Leonardo S.p.A..<\/p>\n<p>La Marina Militare, rappresentata per l\u2019occasione dal Sottocapo di Stato Maggiore Paolo Treu, ha rivestito un ruolo chiave nel progetto, elaborando le specifiche tecniche della rete e gestendo la fase tecnica di integrazione dei sistemi dei partner. Gli altri attori nazionali coinvolti nel progetto includono il Ministero dell\u2019Interno, il Ministero dello Sviluppo Economico, la Direzione Generale Pesca e Acquacultura del MIPAAFT, la Guardia Costiera, la Guardia di Finanza, il Centro Euro-Mediterraneo sui Cambiamenti Climatici (CMCC) e l\u2019Agenzia per la Ricerca Europea (APRE).<\/p>\n","protected":false},"excerpt":{"rendered":"Il Sottosegretario agli Affari Esteri e alla Cooperazione Internazionale, Manlio Di Stefano, ha aperto oggi alla Farnesina\u00a0 il VIP Day Italiano per la presentazione del progetto europeo di ricerca EUCISE2020. Il progetto, finanziato dalla Commissione Europea con uno stanziamento di circa 13 milioni di Euro, ha l\u2019obiettivo di realizzare il primo ambiente europeo di condivisione [&hellip;]","protected":false},"author":1,"featured_media":0,"comment_status":"","ping_status":"","sticky":false,"template":"","format":"standard","meta":{"footnotes":""},"categories":[21],"tags":[42,399],"class_list":["post-57434","post","type-post","status-publish","format-standard","hentry","category-eventi","tag-unione-europea","tag-vice-ministri-e-sottosegretari-precedenti"],"_links":{"self":[{"href":"https:\/\/www.esteri.it\/it\/wp-json\/wp\/v2\/posts\/57434","targetHints":{"allow":["GET"]}}],"collection":[{"href":"https:\/\/www.esteri.it\/it\/wp-json\/wp\/v2\/posts"}],"about":[{"href":"https:\/\/www.esteri.it\/it\/wp-json\/wp\/v2\/types\/post"}],"author":[{"embeddable":true,"href":"https:\/\/www.esteri.it\/it\/wp-json\/wp\/v2\/users\/1"}],"replies":[{"embeddable":true,"href":"https:\/\/www.esteri.it\/it\/wp-json\/wp\/v2\/comments?post=57434"}],"version-history":[{"count":0,"href":"https:\/\/www.esteri.it\/it\/wp-json\/wp\/v2\/posts\/57434\/revisions"}],"wp:attachment":[{"href":"https:\/\/www.esteri.it\/it\/wp-json\/wp\/v2\/media?parent=57434"}],"wp:term":[{"taxonomy":"category","embeddable":true,"href":"https:\/\/www.esteri.it\/it\/wp-json\/wp\/v2\/categories?post=57434"},{"taxonomy":"post_tag","embeddable":true,"href":"https:\/\/www.esteri.it\/it\/wp-json\/wp\/v2\/tags?post=57434"}],"curies":[{"name":"wp","href":"https:\/\/api.w.org\/{rel}","templated":true}]}}