{"id":57441,"date":"2019-01-23T11:24:42","date_gmt":"2019-01-23T10:24:42","guid":{"rendered":"https:\/\/www.esteri.it\/sala_stampa\/archivionotizie\/comunicati\/2019\/01\/premio-di-laurea-della-associazione-nazionale-diplomatici-a-r-costantino-nigra-la-cerimonia-alla-farnesina\/"},"modified":"2019-01-23T11:24:42","modified_gmt":"2019-01-23T10:24:42","slug":"premio-di-laurea-della-associazione-nazionale-diplomatici-a-r-costantino-nigra-la-cerimonia-alla-farnesina","status":"publish","type":"post","link":"https:\/\/www.esteri.it\/it\/sala_stampa\/archivionotizie\/eventi\/2019\/01\/premio-di-laurea-della-associazione-nazionale-diplomatici-a-r-costantino-nigra-la-cerimonia-alla-farnesina\/","title":{"rendered":"Premio di Laurea della \u201cAssociazione Nazionale Diplomatici a r. \u2013 Costantino Nigra\u201d, la cerimonia alla Farnesina"},"content":{"rendered":"<p>Antonella Roberta La Fortezza dell\u2019Universit\u00e0 di Bari e Melita Marianna Canali dell\u2019Universit\u00e0 di Trieste sono le vincitrici della seconda edizione del Premio di Laurea istituito dalla \u201cAssociazione Nazionale Diplomatici a r. \u2013 Costantino Nigra\u201d sul ruolo della diplomazia italiana nelle relazioni internazionali e nella societ\u00e0 contemporanea. Il premio sar\u00e0 consegnato oggi mercoled\u00ec 23 gennaio alle 15.30 dal Segretario Generale della Farnesina, Ambasciatore Elisabetta Belloni, nella Sala Aldo Moro alla presenza di rappresentanti del MAECI e del mondo diplomatico, accademico e dell\u2019informazione.<\/p>\n<p>La Commissione esaminatrice, presieduta dal professor Francesco Perfetti, e composta dal professor Federico Niglia e dall\u2019Ambasciatore Emanuele Pignatelli, ha valutato 9 elaborati e all\u2019unanimit\u00e0 ha scelto i due premiati. Antonella Roberta La Fortezza ha presentato la sua tesi di Dottorato dal titolo \u201cUn\u2019importante amicizia: Italia e Libano (1943-1958)\u201d, che ha avuto come tutor, il professor Luciano Monzali. \u201cLa sua ricerca di Dottorato &#8211; si legge nelle motivazioni del premio &#8211; rappresenta un lavoro importante e innovativo, che lumeggia il ruolo della diplomazia italiana in anni cruciali. Esso fornisce un valore aggiunto agli studi sulla politica estera e la diplomazia dell\u2019Italia del dopoguerra\u201d.<\/p>\n<p>Melita Marianna Canali ha invece svolto una tesi di Laurea Magistrale sul tema \u201cSilvio Fagiolo e l\u2019azione della diplomazia italiana nei negoziati comunitari da Maastricht a Nizza\u201d con l\u2019ambasciatore Francesco Bascone come relatore. La motivazione sottolinea che \u201cla Tesi di Laurea \u00e8 realizzata su fonti ufficiali al momento ancora non pienamente conosciute, n\u00e9 analizzate dalla storiografia. Contribuisce in modo importante ad approfondire il ruolo dell\u2019Ambasciatore Fagiolo e della diplomazia italiana in una fase ancora poco nota della politica italiana ed\u00a0\u00a0 europea. Pone le basi per una serie di lavori futuri di approfondimento\u201d.<\/p>\n<p>Il Presidente di ASSDIPLAR, l\u2019ambasciatore Giusandrea Mochi Onory, preso atto del giudizio della Commissione Esaminatrice e sentito il parere del Consiglio Direttivo, ha deciso di conferire il Premio <i>ex aequo<\/i> alle due candidate e considerato l\u2019alto valore\u00a0\u00a0 dei due elaborati, il Consiglio Direttivo di ASSDIPLAR ha accolto la proposta del Presidente di elevare il Premio in palio ad \u20ac 1.500 per ciascuna delle due candidate. L\u2019ottimo livello degli elaborati ha confermato la validit\u00e0 della formula del Premio e l\u2019attenzione con la quale le nuove generazioni guardano allo studio delle attivit\u00e0 diplomatiche e dei suoi principali protagonisti.<\/p>\n","protected":false},"excerpt":{"rendered":"Antonella Roberta La Fortezza dell\u2019Universit\u00e0 di Bari e Melita Marianna Canali dell\u2019Universit\u00e0 di Trieste sono le vincitrici della seconda edizione del Premio di Laurea istituito dalla \u201cAssociazione Nazionale Diplomatici a r. \u2013 Costantino Nigra\u201d sul ruolo della diplomazia italiana nelle relazioni internazionali e nella societ\u00e0 contemporanea. Il premio sar\u00e0 consegnato oggi mercoled\u00ec 23 gennaio alle [&hellip;]","protected":false},"author":1,"featured_media":0,"comment_status":"","ping_status":"","sticky":false,"template":"","format":"standard","meta":{"footnotes":""},"categories":[21],"tags":[],"class_list":["post-57441","post","type-post","status-publish","format-standard","hentry","category-eventi"],"_links":{"self":[{"href":"https:\/\/www.esteri.it\/it\/wp-json\/wp\/v2\/posts\/57441","targetHints":{"allow":["GET"]}}],"collection":[{"href":"https:\/\/www.esteri.it\/it\/wp-json\/wp\/v2\/posts"}],"about":[{"href":"https:\/\/www.esteri.it\/it\/wp-json\/wp\/v2\/types\/post"}],"author":[{"embeddable":true,"href":"https:\/\/www.esteri.it\/it\/wp-json\/wp\/v2\/users\/1"}],"replies":[{"embeddable":true,"href":"https:\/\/www.esteri.it\/it\/wp-json\/wp\/v2\/comments?post=57441"}],"version-history":[{"count":0,"href":"https:\/\/www.esteri.it\/it\/wp-json\/wp\/v2\/posts\/57441\/revisions"}],"wp:attachment":[{"href":"https:\/\/www.esteri.it\/it\/wp-json\/wp\/v2\/media?parent=57441"}],"wp:term":[{"taxonomy":"category","embeddable":true,"href":"https:\/\/www.esteri.it\/it\/wp-json\/wp\/v2\/categories?post=57441"},{"taxonomy":"post_tag","embeddable":true,"href":"https:\/\/www.esteri.it\/it\/wp-json\/wp\/v2\/tags?post=57441"}],"curies":[{"name":"wp","href":"https:\/\/api.w.org\/{rel}","templated":true}]}}