{"id":57442,"date":"2019-01-16T19:43:31","date_gmt":"2019-01-16T18:43:31","guid":{"rendered":"https:\/\/www.esteri.it\/sala_stampa\/archivionotizie\/comunicati\/2019\/01\/incontro-in-memoria-dell-ambasciatore-luigi-vittorio-ferraris\/"},"modified":"2019-01-16T19:43:31","modified_gmt":"2019-01-16T18:43:31","slug":"incontro-in-memoria-dell-ambasciatore-luigi-vittorio-ferraris","status":"publish","type":"post","link":"https:\/\/www.esteri.it\/it\/sala_stampa\/archivionotizie\/eventi\/2019\/01\/incontro-in-memoria-dell-ambasciatore-luigi-vittorio-ferraris\/","title":{"rendered":"Incontro in memoria Ambasciatore Luigi Vittorio Ferraris"},"content":{"rendered":"<p>Si \u00e8 tenuto oggi, alla Farnesina, un incontro in memoria dell\u2019Ambasciatore Luigi Vittorio Ferraris, scomparso lo scorso novembre. L\u2019incontro \u00e8 stato introdotto dal Segretario Generale, Ambasciatore Elisabetta Belloni, la quale ha ricordato la personalit\u00e0 poliedrica e la vastit\u00e0 degli interessi dell\u2019Amb. Ferraris, la cui modernit\u00e0 \u00e8 stata quella di condurre la diplomazia ad aprirsi verso un costante dialogo con il mondo esterno.<\/p>\n<p>A seguire l\u2019intervento della Vice Ministra Del Re, che dell\u2019Ambasciatore Ferraris \u00e8 stata allieva, la quale ha evidenziato come \u201cla pi\u00f9 importante caratteristica di Luigi Vittorio Ferraris \u00e8 stata quella di essere una persona non convenzionale. Un uomo capace di andare dritto alla mente e al cuore delle persone\u201d. \u201cLa sua carriera in diplomazia \u2013 ha aggiunto la Vice Ministra Del Re \u2013 \u00e8 stata emblematica e ha portato un grandissimo contributo agli equilibri globali. Tra le doti migliori di Ferraris c&#8217;era sicuramente quella di elargire a piene mani le sue conoscenze, senza gelosie. E lo faceva soprattutto nei confronti dei giovani. Anche grazie a lui e al suo modo di fare diplomazia, l&#8217;Italia \u00e8 riuscita a ricoprire il ruolo che le spetta nel mondo\u201d.<\/p>\n<p>Nato a Roma nel 1928, laureato in Giurisprudenza, Ferraris ha prestato servizio in varie Ambasciate (Ankara, Sofia, Caracas, Varsavia), fino a diventare Ambasciatore d&#8217;Italia a Bonn dal 1980 al 1987. Dal 1987 al 2000 \u00e8 stato Consigliere di Stato. Nel 1996 \u00e8 stato inoltre nominato Sottosegretario agli Affari Esteri. Come docente universitario, l\u2019Ambasciatore Ferraris ha poi insegnato presso la Facolt\u00e0 di Scienze Politiche dell&#8217;Universit\u00e0 Orientale di Napoli, in quella di Firenze, alla Sapienza e alla Luiss di Roma. Ha inoltre avuto varie cattedre di Politica Internazionale, Studi strategici e Relazioni Internazionali all&#8217;Universit\u00e0 di Trieste.<\/p>\n","protected":false},"excerpt":{"rendered":"Si \u00e8 tenuto oggi, alla Farnesina, un incontro in memoria dell\u2019Ambasciatore Luigi Vittorio Ferraris, scomparso lo scorso novembre. L\u2019incontro \u00e8 stato introdotto dal Segretario Generale, Ambasciatore Elisabetta Belloni, la quale ha ricordato la personalit\u00e0 poliedrica e la vastit\u00e0 degli interessi dell\u2019Amb. Ferraris, la cui modernit\u00e0 \u00e8 stata quella di condurre la diplomazia ad aprirsi verso [&hellip;]","protected":false},"author":1,"featured_media":0,"comment_status":"","ping_status":"","sticky":false,"template":"","format":"standard","meta":{"footnotes":""},"categories":[21],"tags":[399],"class_list":["post-57442","post","type-post","status-publish","format-standard","hentry","category-eventi","tag-vice-ministri-e-sottosegretari-precedenti"],"_links":{"self":[{"href":"https:\/\/www.esteri.it\/it\/wp-json\/wp\/v2\/posts\/57442","targetHints":{"allow":["GET"]}}],"collection":[{"href":"https:\/\/www.esteri.it\/it\/wp-json\/wp\/v2\/posts"}],"about":[{"href":"https:\/\/www.esteri.it\/it\/wp-json\/wp\/v2\/types\/post"}],"author":[{"embeddable":true,"href":"https:\/\/www.esteri.it\/it\/wp-json\/wp\/v2\/users\/1"}],"replies":[{"embeddable":true,"href":"https:\/\/www.esteri.it\/it\/wp-json\/wp\/v2\/comments?post=57442"}],"version-history":[{"count":0,"href":"https:\/\/www.esteri.it\/it\/wp-json\/wp\/v2\/posts\/57442\/revisions"}],"wp:attachment":[{"href":"https:\/\/www.esteri.it\/it\/wp-json\/wp\/v2\/media?parent=57442"}],"wp:term":[{"taxonomy":"category","embeddable":true,"href":"https:\/\/www.esteri.it\/it\/wp-json\/wp\/v2\/categories?post=57442"},{"taxonomy":"post_tag","embeddable":true,"href":"https:\/\/www.esteri.it\/it\/wp-json\/wp\/v2\/tags?post=57442"}],"curies":[{"name":"wp","href":"https:\/\/api.w.org\/{rel}","templated":true}]}}