{"id":57460,"date":"2018-11-14T17:59:33","date_gmt":"2018-11-14T16:59:33","guid":{"rendered":"https:\/\/www.esteri.it\/sala_stampa\/archivionotizie\/comunicati\/2018\/11\/xlii-assemble-plenaria-del-cgie\/"},"modified":"2018-11-14T17:59:33","modified_gmt":"2018-11-14T16:59:33","slug":"xlii-assemble-plenaria-del-cgie","status":"publish","type":"post","link":"https:\/\/www.esteri.it\/it\/sala_stampa\/archivionotizie\/eventi\/2018\/11\/xlii-assemble-plenaria-del-cgie\/","title":{"rendered":"XLII Assemblea Plenaria del CGIE"},"content":{"rendered":"<p>Si \u00e8 aperta a Roma il 13 novembre la XLII assemblea plenaria del CGIE. Molti i temi nell\u2019agenda dei lavori di questi giorni, tra i quali la riforma del voto all\u2019estero, la nuova mobilit\u00e0 italiana, il finanziamento delle politiche per gli Italiani all\u2019estero, la promozione della lingua e cultura italiana, le prossime elezioni europee, la valorizzazione del ruolo di Comites e CGIE nella promozione del sistema Italia all\u2019estero. All\u2019inaugurazione ha partecipato una rappresentanza parlamentare, tra cui i Presidenti delle Commissioni Esteri del Senato, Sen. Vito Petrocelli, e della Camera, On. Marta Grande. Il Sottosegretario Ricardo Merlo interverr\u00e0 la mattina dell\u2019ultimo giorno di lavori.<\/p>\n<p>A margine dell\u2019Assemblea plenaria si svolgeranno seminari tematici sull\u2019editoria italiana all\u2019estero e sul ruolo delle donne Italiane all\u2019estero. I lavori dell\u2019assemblea plenaria del CGIE si concluderanno a Matera il prossimo 19 novembre, con un convegno sul tema dei migranti come opportunit\u00e0 per una societ\u00e0 globale, organizzato nella citt\u00e0 lucana per promuoverne il ruolo di Capitale della cultura Europa tra le comunit\u00e0 italiane all\u2019estero.<\/p>\n<p>&#8220;I temi affrontati in questa Assembla dal CGIE toccano aspetti decisivi per il futuro delle collettivit\u00e0 italiane all&#8217;estero, visti anche gli importanti flussi di mobilit\u00e0 che abbiamo registrato negli ultimi anni\u201d, ha dichiarato il Direttore Generale per gli Italiani all\u2019Estero, Luigi Vignali. \u201cOccorre dunque forte condivisione d&#8217;intenti fra rappresentanti delle comunit\u00e0 italiane, Amministrazioni pubbliche e politica, per ottenere risultati tangibili in termini di servizi per i connazionali e per valorizzarne il ruolo di promozione del Sistema Italia&#8221;.<\/p>\n","protected":false},"excerpt":{"rendered":"Si \u00e8 aperta a Roma il 13 novembre la XLII assemblea plenaria del CGIE. Molti i temi nell\u2019agenda dei lavori di questi giorni, tra i quali la riforma del voto all\u2019estero, la nuova mobilit\u00e0 italiana, il finanziamento delle politiche per gli Italiani all\u2019estero, la promozione della lingua e cultura italiana, le prossime elezioni europee, la [&hellip;]","protected":false},"author":1,"featured_media":0,"comment_status":"","ping_status":"","sticky":false,"template":"","format":"standard","meta":{"footnotes":""},"categories":[21],"tags":[7],"class_list":["post-57460","post","type-post","status-publish","format-standard","hentry","category-eventi","tag-italiani-nel-mondo"],"_links":{"self":[{"href":"https:\/\/www.esteri.it\/it\/wp-json\/wp\/v2\/posts\/57460","targetHints":{"allow":["GET"]}}],"collection":[{"href":"https:\/\/www.esteri.it\/it\/wp-json\/wp\/v2\/posts"}],"about":[{"href":"https:\/\/www.esteri.it\/it\/wp-json\/wp\/v2\/types\/post"}],"author":[{"embeddable":true,"href":"https:\/\/www.esteri.it\/it\/wp-json\/wp\/v2\/users\/1"}],"replies":[{"embeddable":true,"href":"https:\/\/www.esteri.it\/it\/wp-json\/wp\/v2\/comments?post=57460"}],"version-history":[{"count":0,"href":"https:\/\/www.esteri.it\/it\/wp-json\/wp\/v2\/posts\/57460\/revisions"}],"wp:attachment":[{"href":"https:\/\/www.esteri.it\/it\/wp-json\/wp\/v2\/media?parent=57460"}],"wp:term":[{"taxonomy":"category","embeddable":true,"href":"https:\/\/www.esteri.it\/it\/wp-json\/wp\/v2\/categories?post=57460"},{"taxonomy":"post_tag","embeddable":true,"href":"https:\/\/www.esteri.it\/it\/wp-json\/wp\/v2\/tags?post=57460"}],"curies":[{"name":"wp","href":"https:\/\/api.w.org\/{rel}","templated":true}]}}