{"id":57466,"date":"2018-10-25T14:36:06","date_gmt":"2018-10-25T12:36:06","guid":{"rendered":"https:\/\/www.esteri.it\/sala_stampa\/archivionotizie\/comunicati\/2018\/10\/unione-africana-e-res4africa-insieme-per-energie-rinnovabili\/"},"modified":"2018-10-25T14:36:06","modified_gmt":"2018-10-25T12:36:06","slug":"unione-africana-e-res4africa-insieme-per-energie-rinnovabili","status":"publish","type":"post","link":"https:\/\/www.esteri.it\/it\/sala_stampa\/archivionotizie\/eventi\/2018\/10\/unione-africana-e-res4africa-insieme-per-energie-rinnovabili\/","title":{"rendered":"Unione Africana e Res4Africa insieme per energie rinnovabili"},"content":{"rendered":"<p>Nel giorno della Conferenza Italia-Africa, alla Farnesina l\u2019Unione Africana e Res4Africa hanno firmato una lettera di intenti relativa all\u2019avvio di un progetto di formazione per decisori, funzionari e operatori di numerosi Paesi africani con l\u2019obiettivo di sviluppare il settore delle energie rinnovabili. Il progetto si articoler\u00e0 in lezioni teoriche e pratica sul lavoro e permetter\u00e0 ai decisori e agli operatori di settore di acquisire le professionalit\u00e0 necessarie a elaborare, valutare e attuare le soluzioni pi\u00f9 appropriate ai differenti contesti del continente per un\u2019efficiente integrazione delle energie rinnovabili nei mercati elettrici dei Paesi emergenti e in sviluppo. L\u2019energia rinnovabile \u00e8 la modalit\u00e0 principale per rimediare al problema della povert\u00e0 energetica in Africa, con conseguente creazione di posti di lavoro, crescita socio-economica e sostenibilit\u00e0 ambientale.<\/p>\n","protected":false},"excerpt":{"rendered":"Nel giorno della Conferenza Italia-Africa, alla Farnesina l\u2019Unione Africana e Res4Africa hanno firmato una lettera di intenti relativa all\u2019avvio di un progetto di formazione per decisori, funzionari e operatori di numerosi Paesi africani con l\u2019obiettivo di sviluppare il settore delle energie rinnovabili. Il progetto si articoler\u00e0 in lezioni teoriche e pratica sul lavoro e permetter\u00e0 [&hellip;]","protected":false},"author":1,"featured_media":0,"comment_status":"","ping_status":"","sticky":false,"template":"","format":"standard","meta":{"footnotes":""},"categories":[21],"tags":[31,44],"class_list":["post-57466","post","type-post","status-publish","format-standard","hentry","category-eventi","tag-africa","tag-energia-ambiente"],"_links":{"self":[{"href":"https:\/\/www.esteri.it\/it\/wp-json\/wp\/v2\/posts\/57466","targetHints":{"allow":["GET"]}}],"collection":[{"href":"https:\/\/www.esteri.it\/it\/wp-json\/wp\/v2\/posts"}],"about":[{"href":"https:\/\/www.esteri.it\/it\/wp-json\/wp\/v2\/types\/post"}],"author":[{"embeddable":true,"href":"https:\/\/www.esteri.it\/it\/wp-json\/wp\/v2\/users\/1"}],"replies":[{"embeddable":true,"href":"https:\/\/www.esteri.it\/it\/wp-json\/wp\/v2\/comments?post=57466"}],"version-history":[{"count":0,"href":"https:\/\/www.esteri.it\/it\/wp-json\/wp\/v2\/posts\/57466\/revisions"}],"wp:attachment":[{"href":"https:\/\/www.esteri.it\/it\/wp-json\/wp\/v2\/media?parent=57466"}],"wp:term":[{"taxonomy":"category","embeddable":true,"href":"https:\/\/www.esteri.it\/it\/wp-json\/wp\/v2\/categories?post=57466"},{"taxonomy":"post_tag","embeddable":true,"href":"https:\/\/www.esteri.it\/it\/wp-json\/wp\/v2\/tags?post=57466"}],"curies":[{"name":"wp","href":"https:\/\/api.w.org\/{rel}","templated":true}]}}