{"id":57501,"date":"2018-07-26T17:12:11","date_gmt":"2018-07-26T15:12:11","guid":{"rendered":"https:\/\/www.esteri.it\/sala_stampa\/archivionotizie\/comunicati\/2018\/07\/memorandum-d-intesa-maeci-agenzia-delle-dogane\/"},"modified":"2025-02-20T18:02:36","modified_gmt":"2025-02-20T17:02:36","slug":"memorandum-d-intesa-maeci-agenzia-delle-dogane","status":"publish","type":"post","link":"https:\/\/www.esteri.it\/it\/sala_stampa\/archivionotizie\/eventi\/2018\/07\/memorandum-d-intesa-maeci-agenzia-delle-dogane\/","title":{"rendered":"Memorandum d\u2019Intesa MAECI-Agenzia delle Dogane"},"content":{"rendered":"<p>\u00c8 stato firmato oggi a Roma un Memorandum d\u2019Intesa tra il Ministero degli Affari Esteri e della Cooperazione Internazionale e l\u2019Agenzia Dogane e Monopoli.<\/p>\n<p>L\u2019accordo \u2013 sottoscritto dal Segretario Generale della Farnesina, Ambasciatore Elisabetta Belloni, e dal Direttore ADM, Giovanni Kessler \u2013 \u00e8 il primo di questo genere tra le due amministrazioni e mira a rafforzare, con una cornice formale e dettagliata, le sinergie tra il MAECI e l\u2019Agenzia nell\u2019ambito della promozione del <i>sistema Paese<\/i>.<\/p>\n<p>Punto di arrivo di una cooperazione comunque rodata nel corso degli ultimi anni, il Memorandum ha l\u2019obiettivo di consolidare il coordinamento delle attivit\u00e0 gi\u00e0 in essere e soprattutto di promuovere un pi\u00f9 fattivo scambio informativo nei molteplici ambiti di collaborazione, a livello europeo e internazionale.<\/p>\n<p>Per dare immediata attuazione agli impegni convenuti tra le parti, \u00e8 inoltre istituito un \u201cTavolo di coordinamento\u201d, finalizzato all\u2019individuazione puntuale delle priorit\u00e0 d\u2019intervento e della relativa tempistica.<\/p>\n","protected":false},"excerpt":{"rendered":"\u00c8 stato firmato oggi a Roma un Memorandum d\u2019Intesa tra il Ministero degli Affari Esteri e della Cooperazione Internazionale e l\u2019Agenzia Dogane e Monopoli. L\u2019accordo \u2013 sottoscritto dal Segretario Generale della Farnesina, Ambasciatore Elisabetta Belloni, e dal Direttore ADM, Giovanni Kessler \u2013 \u00e8 il primo di questo genere tra le due amministrazioni e mira a [&hellip;]","protected":false},"author":1,"featured_media":0,"comment_status":"closed","ping_status":"closed","sticky":false,"template":"","format":"standard","meta":{"footnotes":""},"categories":[21],"tags":[58],"class_list":["post-57501","post","type-post","status-publish","format-standard","hentry","category-eventi","tag-promozione-integrata"],"_links":{"self":[{"href":"https:\/\/www.esteri.it\/it\/wp-json\/wp\/v2\/posts\/57501","targetHints":{"allow":["GET"]}}],"collection":[{"href":"https:\/\/www.esteri.it\/it\/wp-json\/wp\/v2\/posts"}],"about":[{"href":"https:\/\/www.esteri.it\/it\/wp-json\/wp\/v2\/types\/post"}],"author":[{"embeddable":true,"href":"https:\/\/www.esteri.it\/it\/wp-json\/wp\/v2\/users\/1"}],"replies":[{"embeddable":true,"href":"https:\/\/www.esteri.it\/it\/wp-json\/wp\/v2\/comments?post=57501"}],"version-history":[{"count":1,"href":"https:\/\/www.esteri.it\/it\/wp-json\/wp\/v2\/posts\/57501\/revisions"}],"predecessor-version":[{"id":132168,"href":"https:\/\/www.esteri.it\/it\/wp-json\/wp\/v2\/posts\/57501\/revisions\/132168"}],"wp:attachment":[{"href":"https:\/\/www.esteri.it\/it\/wp-json\/wp\/v2\/media?parent=57501"}],"wp:term":[{"taxonomy":"category","embeddable":true,"href":"https:\/\/www.esteri.it\/it\/wp-json\/wp\/v2\/categories?post=57501"},{"taxonomy":"post_tag","embeddable":true,"href":"https:\/\/www.esteri.it\/it\/wp-json\/wp\/v2\/tags?post=57501"}],"curies":[{"name":"wp","href":"https:\/\/api.w.org\/{rel}","templated":true}]}}