{"id":57522,"date":"2018-06-15T12:51:09","date_gmt":"2018-06-15T10:51:09","guid":{"rendered":"https:\/\/www.esteri.it\/sala_stampa\/archivionotizie\/comunicati\/2018\/06\/giornata-mondiale-contra-la-desertificazione\/"},"modified":"2018-06-15T12:51:09","modified_gmt":"2018-06-15T10:51:09","slug":"giornata-mondiale-contra-la-desertificazione","status":"publish","type":"post","link":"https:\/\/www.esteri.it\/it\/sala_stampa\/archivionotizie\/eventi\/2018\/06\/giornata-mondiale-contra-la-desertificazione\/","title":{"rendered":"Giornata Mondiale contro la Desertificazione"},"content":{"rendered":"<p style=\"text-align: justify;\">La desertificazione, la siccit\u00e0 e i cambiamenti climatici sono fenomeni interconnessi e per questo \u00e8 necessaria una cooperazione collettiva per fronteggiare il degrado del suolo, come stabilito nel punto 15.3 dei 17 degli Obiettivi di Sviluppo Sostenibile. Per\u00a0sensibilizzare il mondo, i governi, le organizzazioni e gli individui sulla responsabilit\u00e0 collettiva nell\u2019utilizzo sostenibile dell\u2019acqua,\u00a0l\u2019Assemblea Generale delle Nazioni Unite ha\u00a0dichiarato \u00a0il 17 giugno\u00a0 Giornata mondiale contro la desertificazione.<\/p>\n<p style=\"text-align: justify;\">Nel 1994 e\u2019 stata adottata a Parigi la<a href=\"https:\/\/email.ansa.it\/owa\/redir.aspx?REF=OeXCRhFJl4Ttdc9wNCXt5XfxV-qH8xOIAxZ-g19bXkxV1IdSqNLVCAFodHRwOi8vd3d3LnVuY2NkLmludC9lbi9hYm91dC10aGUtY29udmVudGlvbi9QYWdlcy9UZXh0LW92ZXJ2aWV3LmFzcHg.\" target=\"_blank\" rel=\"noopener\"> Convenzione per la lotta alla desertificazione (UNCCD<\/a>), ratificata da 200 Paesi.\u00a0 Obiettivo della Convenzione \u00e8 mitigare gli effetti della siccit\u00e0 attraverso attivit\u00e0 di cooperazione internazionale nei paesi pi\u00f9 colpiti, in particolare in Africa. Le strategie messe in campo si concentrano sul miglioramento della produttivit\u00e0 del suolo e sulla gestione sostenibile delle risorse del territorio e dell\u2019acqua. L&#8217;Italia \u00e8 membro fondatore e fra i pi\u00f9 attivi sia nei paesi a rischio che sul proprio territorio, anche come primo paese europeo ad aver adottato un piano per raggiungere l&#8217;azzeramento netto del degrado delle terre entro il 2030.<\/p>\n","protected":false},"excerpt":{"rendered":"La desertificazione, la siccit\u00e0 e i cambiamenti climatici sono fenomeni interconnessi e per questo \u00e8 necessaria una cooperazione collettiva per fronteggiare il degrado del suolo, come stabilito nel punto 15.3 dei 17 degli Obiettivi di Sviluppo Sostenibile. Per\u00a0sensibilizzare il mondo, i governi, le organizzazioni e gli individui sulla responsabilit\u00e0 collettiva nell\u2019utilizzo sostenibile dell\u2019acqua,\u00a0l\u2019Assemblea Generale delle [&hellip;]","protected":false},"author":1,"featured_media":0,"comment_status":"","ping_status":"","sticky":false,"template":"","format":"standard","meta":{"footnotes":""},"categories":[21],"tags":[44,26],"class_list":["post-57522","post","type-post","status-publish","format-standard","hentry","category-eventi","tag-energia-ambiente","tag-onu"],"_links":{"self":[{"href":"https:\/\/www.esteri.it\/it\/wp-json\/wp\/v2\/posts\/57522","targetHints":{"allow":["GET"]}}],"collection":[{"href":"https:\/\/www.esteri.it\/it\/wp-json\/wp\/v2\/posts"}],"about":[{"href":"https:\/\/www.esteri.it\/it\/wp-json\/wp\/v2\/types\/post"}],"author":[{"embeddable":true,"href":"https:\/\/www.esteri.it\/it\/wp-json\/wp\/v2\/users\/1"}],"replies":[{"embeddable":true,"href":"https:\/\/www.esteri.it\/it\/wp-json\/wp\/v2\/comments?post=57522"}],"version-history":[{"count":0,"href":"https:\/\/www.esteri.it\/it\/wp-json\/wp\/v2\/posts\/57522\/revisions"}],"wp:attachment":[{"href":"https:\/\/www.esteri.it\/it\/wp-json\/wp\/v2\/media?parent=57522"}],"wp:term":[{"taxonomy":"category","embeddable":true,"href":"https:\/\/www.esteri.it\/it\/wp-json\/wp\/v2\/categories?post=57522"},{"taxonomy":"post_tag","embeddable":true,"href":"https:\/\/www.esteri.it\/it\/wp-json\/wp\/v2\/tags?post=57522"}],"curies":[{"name":"wp","href":"https:\/\/api.w.org\/{rel}","templated":true}]}}