{"id":57525,"date":"2018-06-06T08:48:54","date_gmt":"2018-06-06T06:48:54","guid":{"rendered":"https:\/\/www.esteri.it\/sala_stampa\/archivionotizie\/comunicati\/2018\/06\/creativita-e-innovazione-italiana-nel-mondo-tutela-della-proprieta-intellettuale-sui-mercati-internazionali\/"},"modified":"2018-06-06T08:48:54","modified_gmt":"2018-06-06T06:48:54","slug":"creativita-e-innovazione-italiana-nel-mondo-tutela-della-proprieta-intellettuale-sui-mercati-internazionali","status":"publish","type":"post","link":"https:\/\/www.esteri.it\/it\/sala_stampa\/archivionotizie\/eventi\/2018\/06\/creativita-e-innovazione-italiana-nel-mondo-tutela-della-proprieta-intellettuale-sui-mercati-internazionali\/","title":{"rendered":"Creativit\u00e0 e Innovazione Italiana nel Mondo"},"content":{"rendered":"<p>Convegno alla Farnesina sulla difesa della creativit\u00e0 e dell\u2019innovazione italiana nel mondo mediante la propriet\u00e0 intellettuale, un appuntamento per fare il punto su uno dei settori chiave per l\u2019internazionalizzazione delle nostre imprese<\/p>\n<p>Si tiene oggi alla Farnesina un convegno sulla difesa e promozione all\u2019estero del frutto degli investimenti in creativit\u00e0 e innovazione mediante la propriet\u00e0 intellettuale (diritto d\u2019autore, marchi, brevetti, disegni industriali, indicazioni geografiche).<\/p>\n<p>Vincenzo de Luca, Direttore Generale per la Promozione del Sistema Paese, apre i lavori di \u2018Creativit\u00e0 e Innovazione Italiana nel Mondo \u2013 Tutela della Propriet\u00e0 Intellettuale sui Mercati Internazionali\u2019,\u00a0 introducendo gli interventi del Segretario Generale della Farnesina, Elisabetta Belloni, e di Michele Scannavini, presidente dell\u2019Ice, di fronte a rappresentanti del mondo istituzionale, associativo privato, imprenditoriale, accademico, forense e della ricerca.\u00a0<\/p>\n<p>La tutela della propriet\u00e0 intellettuale \u00e8 un settore chiave per il processo di internazionalizzazione delle nostre imprese e per la competitivit\u00e0 del \u2018Sistema Italia\u2019 a livello globale, per la quale \u00e8 necessaria appunto un lavoro di squadra in cui la Farnesina mette a disposizione la sua capillare rete diplomatico-consolare, svolgendo un\u2019azione di promozione integrata.<\/p>\n<p>Le imprese che in Italia fanno un utilizzo intensivo dei diritti di propriet\u00e0 intellettuale costituiscono un settore vitale per l\u2019economia nazionale. Nel triennio 2011-2013 hanno infatti generato pi\u00f9 del 44% del PIL e del 30% dei posti di lavoro, a fronte di una media europea rispettivamente del 42% e del 28%. L\u2019utilizzo della propriet\u00e0 intellettuale per tutelare gli investimenti in creativit\u00e0 e ricerca \u00e8 un significativo indice della capacit\u00e0 innovativa di un\u2018economia e rappresenta uno dei volani per crescita e occupazione.\u00a0<\/p>\n<p>Nel corso del convegno, cui parteciperanno anche Confindustria, Universit\u00e0 Cattolica del Sacro Cuore, Scuola Nazionale dell&#8217;Amministrazione e\u00a0 Ministero dello Sviluppo Economico, verranno\u00a0presentati i\u00a0nuovi progetti di promozione, comunicazione e formazione\u00a0con cui la Farnesina intende contribuire agli sforzi necessari per dare una risposta pi\u00f9 efficace e sistematica alla crescente domanda di servizi e di assistenza da parte delle imprese italiane all\u2019estero in questo settore.<strong><\/strong><\/p>\n<p>\u00a0<\/p>\n","protected":false},"excerpt":{"rendered":"Convegno alla Farnesina sulla difesa della creativit\u00e0 e dell\u2019innovazione italiana nel mondo mediante la propriet\u00e0 intellettuale, un appuntamento per fare il punto su uno dei settori chiave per l\u2019internazionalizzazione delle nostre imprese Si tiene oggi alla Farnesina un convegno sulla difesa e promozione all\u2019estero del frutto degli investimenti in creativit\u00e0 e innovazione mediante la propriet\u00e0 [&hellip;]","protected":false},"author":1,"featured_media":0,"comment_status":"","ping_status":"","sticky":false,"template":"","format":"standard","meta":{"footnotes":""},"categories":[21],"tags":[3],"class_list":["post-57525","post","type-post","status-publish","format-standard","hentry","category-eventi","tag-diplomazia-economica"],"_links":{"self":[{"href":"https:\/\/www.esteri.it\/it\/wp-json\/wp\/v2\/posts\/57525","targetHints":{"allow":["GET"]}}],"collection":[{"href":"https:\/\/www.esteri.it\/it\/wp-json\/wp\/v2\/posts"}],"about":[{"href":"https:\/\/www.esteri.it\/it\/wp-json\/wp\/v2\/types\/post"}],"author":[{"embeddable":true,"href":"https:\/\/www.esteri.it\/it\/wp-json\/wp\/v2\/users\/1"}],"replies":[{"embeddable":true,"href":"https:\/\/www.esteri.it\/it\/wp-json\/wp\/v2\/comments?post=57525"}],"version-history":[{"count":0,"href":"https:\/\/www.esteri.it\/it\/wp-json\/wp\/v2\/posts\/57525\/revisions"}],"wp:attachment":[{"href":"https:\/\/www.esteri.it\/it\/wp-json\/wp\/v2\/media?parent=57525"}],"wp:term":[{"taxonomy":"category","embeddable":true,"href":"https:\/\/www.esteri.it\/it\/wp-json\/wp\/v2\/categories?post=57525"},{"taxonomy":"post_tag","embeddable":true,"href":"https:\/\/www.esteri.it\/it\/wp-json\/wp\/v2\/tags?post=57525"}],"curies":[{"name":"wp","href":"https:\/\/api.w.org\/{rel}","templated":true}]}}