{"id":57542,"date":"2018-05-03T15:15:17","date_gmt":"2018-05-03T13:15:17","guid":{"rendered":"https:\/\/www.esteri.it\/sala_stampa\/archivionotizie\/comunicati\/2018\/05\/lo-sport-per-la-pace-e-lo-sviluppo-voce-alle-idee-dei-giovani\/"},"modified":"2018-05-03T15:15:17","modified_gmt":"2018-05-03T13:15:17","slug":"lo-sport-per-la-pace-e-lo-sviluppo-voce-alle-idee-dei-giovani","status":"publish","type":"post","link":"https:\/\/www.esteri.it\/it\/sala_stampa\/archivionotizie\/eventi\/2018\/05\/lo-sport-per-la-pace-e-lo-sviluppo-voce-alle-idee-dei-giovani\/","title":{"rendered":"Lo Sport per la pace e lo sviluppo: voce alle idee dei giovani"},"content":{"rendered":"<p>Si \u00e8 svolto alla Farnesina l\u2019evento conclusivo di #ZEROHackathon2018, una competizione di idee rivolta agli studenti realizzata dalla Societ\u00e0 Italiana per l\u2019Organizzazione Internazionale \u2013 SIOI &#8211; in collaborazione con l\u2019Ambasciata degli Stati Uniti d\u2019America a Roma.<\/p>\n<p>Partendo dal paragrafo 37 della Dichiarazione dell\u2019Agenda 2030 per lo Sviluppo Sostenibile (\u201cRiconosciamo il crescente contributo dello sport per la realizzazione dello sviluppo e della pace attraverso la promozione di tolleranza e rispetto e attraverso i contributi per l\u2019emancipazione delle donne e dei giovani, degli individui e delle comunit\u00e0, cos\u00ec come per gli obiettivi in materia di inclusione sociale, educazione e sanit\u00e0\u201d), la SIOI ha chiamato a raccolta pi\u00f9 di 200 giovani da diverse parti del mondo per dare vita ad una maratona di idee sullo Sport per lo Sviluppo e la Pace.<\/p>\n<p>Unire l\u2019apprendimento non formale con i valori dello Sport \u00e8 l\u2019obiettivo principale dell\u2019iniziativa, inaugurata il 2 maggio al Centro di Preparazione Olimpica \u201cGiulio Onesti\u201d alla presenza del Presidente della SIOI, Franco Frattini, del Presidente del CONI, Giovanni Malag\u00f2, e di illustri ospiti istituzionali e campioni sportivi.<\/p>\n<p>Dopo la staffetta simbolica organizzata dalla FIDAL a conclusione della Cerimonia di apertura, i lavori si sono spostati a Palazzetto Venezia, sede della SIOI, dove i 20 Team di studenti, di scuola superiore e universit\u00e0, hanno dato vita ad una 24 ore di co-progettazione confrontandosi sulle principali sfide che lo Sport affronta nel suo ruolo di promotore del dialogo tra i popoli, del rispetto dei Diritti Umani, sull\u2019integrit\u00e0 dello Sport e il suo potere inclusivo.<\/p>\n<p>Nella giornata le idee progettuali pi\u00f9 originali e realizzabili saranno premiate dalla Giuria d\u2019eccezione composta dai rappresentanti delle principali istituzioni nazionali e internazionali che hanno sostenuto l\u2019evento, tra cui Luigi Maria Vignali e Pietro Sferra Carini del MAECI (Farnesina), Alvio La Face del CONI, Simona Montesarchio del MIUR,\u00a0 Menaka Nayyar dell\u2019Ambasciata USA in Italia, Paola Bocchia della Rappresentanza in Italia della Commissione europea, Cristina Puccia della SIOI e Angela Scicchitano del MSOI.<\/p>\n","protected":false},"excerpt":{"rendered":"Si \u00e8 svolto alla Farnesina l\u2019evento conclusivo di #ZEROHackathon2018, una competizione di idee rivolta agli studenti realizzata dalla Societ\u00e0 Italiana per l\u2019Organizzazione Internazionale \u2013 SIOI &#8211; in collaborazione con l\u2019Ambasciata degli Stati Uniti d\u2019America a Roma. Partendo dal paragrafo 37 della Dichiarazione dell\u2019Agenda 2030 per lo Sviluppo Sostenibile (\u201cRiconosciamo il crescente contributo dello sport per [&hellip;]","protected":false},"author":1,"featured_media":0,"comment_status":"","ping_status":"","sticky":false,"template":"","format":"standard","meta":{"footnotes":""},"categories":[21],"tags":[32],"class_list":["post-57542","post","type-post","status-publish","format-standard","hentry","category-eventi","tag-diplomazia-culturale"],"_links":{"self":[{"href":"https:\/\/www.esteri.it\/it\/wp-json\/wp\/v2\/posts\/57542","targetHints":{"allow":["GET"]}}],"collection":[{"href":"https:\/\/www.esteri.it\/it\/wp-json\/wp\/v2\/posts"}],"about":[{"href":"https:\/\/www.esteri.it\/it\/wp-json\/wp\/v2\/types\/post"}],"author":[{"embeddable":true,"href":"https:\/\/www.esteri.it\/it\/wp-json\/wp\/v2\/users\/1"}],"replies":[{"embeddable":true,"href":"https:\/\/www.esteri.it\/it\/wp-json\/wp\/v2\/comments?post=57542"}],"version-history":[{"count":0,"href":"https:\/\/www.esteri.it\/it\/wp-json\/wp\/v2\/posts\/57542\/revisions"}],"wp:attachment":[{"href":"https:\/\/www.esteri.it\/it\/wp-json\/wp\/v2\/media?parent=57542"}],"wp:term":[{"taxonomy":"category","embeddable":true,"href":"https:\/\/www.esteri.it\/it\/wp-json\/wp\/v2\/categories?post=57542"},{"taxonomy":"post_tag","embeddable":true,"href":"https:\/\/www.esteri.it\/it\/wp-json\/wp\/v2\/tags?post=57542"}],"curies":[{"name":"wp","href":"https:\/\/api.w.org\/{rel}","templated":true}]}}