{"id":57581,"date":"2018-02-07T16:52:43","date_gmt":"2018-02-07T15:52:43","guid":{"rendered":"https:\/\/www.esteri.it\/sala_stampa\/archivionotizie\/comunicati\/2018\/02\/elezioni-politiche-2018-missione\/"},"modified":"2018-02-07T16:52:43","modified_gmt":"2018-02-07T15:52:43","slug":"elezioni-politiche-2018-missione","status":"publish","type":"post","link":"https:\/\/www.esteri.it\/it\/sala_stampa\/archivionotizie\/eventi\/2018\/02\/elezioni-politiche-2018-missione\/","title":{"rendered":"Elezioni politiche 2018. Missione in Argentina, Brasile e Regno Unito del Direttore Generale per gli italiani all&#8217;estero e le politiche migratorie"},"content":{"rendered":"<p>Inizia oggi una missione del Direttore Generale per gli italiani all\u2019estero e le politiche migratorie, Luigi Maria Vignali, volta a monitorare l&#8217;andamento delle operazioni per il voto degli italiani all\u2019estero. Vignali visiter\u00e0 i tre Consolati italiani nel mondo con il maggior numero di aventi diritto al voto.<\/p>\n<p>La prima tappa \u00e8 Buenos Aires con oltre 229 mila elettori; seguir\u00e0 San Paolo, dove si organizzano le procedure di voto di pi\u00f9 di 148 mila italiani; ultima tappa sar\u00e0 Londra, con la circoscrizione consolare pi\u00f9 numerosa al mondo (pi\u00f9 di 300.00 iscritti AIRE) e 233.718 aventi diritto al voto.<\/p>\n<p>La missione intende monitorare l\u2019attuazione delle misure innovative che la Farnesina ha posto in essere per assicurare la massima partecipazione al voto e tutelare in forma sempre pi\u00f9 incisiva correttezza e regolarit\u00e0 delle prossime consultazioni elettorali all&#8217;estero.<\/p>\n","protected":false},"excerpt":{"rendered":"Inizia oggi una missione del Direttore Generale per gli italiani all\u2019estero e le politiche migratorie, Luigi Maria Vignali, volta a monitorare l&#8217;andamento delle operazioni per il voto degli italiani all\u2019estero. Vignali visiter\u00e0 i tre Consolati italiani nel mondo con il maggior numero di aventi diritto al voto. La prima tappa \u00e8 Buenos Aires con oltre [&hellip;]","protected":false},"author":1,"featured_media":0,"comment_status":"","ping_status":"","sticky":false,"template":"","format":"standard","meta":{"footnotes":""},"categories":[21],"tags":[398,9,7],"class_list":["post-57581","post","type-post","status-publish","format-standard","hentry","category-eventi","tag-america-latina-e-caraibi","tag-europa","tag-italiani-nel-mondo"],"_links":{"self":[{"href":"https:\/\/www.esteri.it\/it\/wp-json\/wp\/v2\/posts\/57581","targetHints":{"allow":["GET"]}}],"collection":[{"href":"https:\/\/www.esteri.it\/it\/wp-json\/wp\/v2\/posts"}],"about":[{"href":"https:\/\/www.esteri.it\/it\/wp-json\/wp\/v2\/types\/post"}],"author":[{"embeddable":true,"href":"https:\/\/www.esteri.it\/it\/wp-json\/wp\/v2\/users\/1"}],"replies":[{"embeddable":true,"href":"https:\/\/www.esteri.it\/it\/wp-json\/wp\/v2\/comments?post=57581"}],"version-history":[{"count":0,"href":"https:\/\/www.esteri.it\/it\/wp-json\/wp\/v2\/posts\/57581\/revisions"}],"wp:attachment":[{"href":"https:\/\/www.esteri.it\/it\/wp-json\/wp\/v2\/media?parent=57581"}],"wp:term":[{"taxonomy":"category","embeddable":true,"href":"https:\/\/www.esteri.it\/it\/wp-json\/wp\/v2\/categories?post=57581"},{"taxonomy":"post_tag","embeddable":true,"href":"https:\/\/www.esteri.it\/it\/wp-json\/wp\/v2\/tags?post=57581"}],"curies":[{"name":"wp","href":"https:\/\/api.w.org\/{rel}","templated":true}]}}