{"id":57609,"date":"2018-01-16T16:59:08","date_gmt":"2018-01-16T15:59:08","guid":{"rendered":"https:\/\/www.esteri.it\/sala_stampa\/archivionotizie\/comunicati\/2018\/01\/conferenza-nazionale-della-cooperazione\/"},"modified":"2018-01-16T16:59:08","modified_gmt":"2018-01-16T15:59:08","slug":"conferenza-nazionale-della-cooperazione","status":"publish","type":"post","link":"https:\/\/www.esteri.it\/it\/sala_stampa\/archivionotizie\/eventi\/2018\/01\/conferenza-nazionale-della-cooperazione\/","title":{"rendered":"Co(opera) &#8211; Conferenza nazionale della cooperazione allo sviluppo"},"content":{"rendered":"<p style=\"text-align: justify;\">\u201dNovit\u00e0 e futuro: Il mondo della Cooperazione Italiana&#8221; \u00e8 il titolo della due giorni di incontri che si terr\u00e0 il 24 e il 25 gennaio a Roma, un momento di sintesi ma anche un nuovo punto di partenza, in cui verranno presentati non solo i risultati dell\u2019azione ordinaria tra ministero e organizzazioni non governative (ong), ma anche i nuovi attori come le diaspore, il settore privato, le universit\u00e0. Si tratta di un appuntamento di cui si sentiva ormai il forte bisogno. Dall\u2019ultimo, risalente al 2012, si \u00e8 fatta molta strada: dall\u2019approvazione di una legge di riforma del settore, che ha dato maggiore risalto agli attori della cooperazione decentrata, all\u2019affacciarsi di sfide nuove, come l\u2019acuirsi delle migrazioni o la condizione dei migranti in Libia. Il tutto inserito in un\u2019ottica di creazione di posti di lavoro sia in Italia che nei Paesi destinatari dei progetti.<\/p>\n<p style=\"text-align: justify;\">Il leit motiv della Conferenza \u00e8 infatti \u201caiutiamoci insieme\u201d. \u201cL\u2019Italia vuole diventare sempre pi\u00f9 protagonista della cooperazione internazionale\u201d ha dichiarato il ministro Alfano. \u201cEsempio di questa determinazione, \u00e8 la possibilit\u00e0 di ricorrere alla Cassa Depositi e Prestiti come banca di sviluppo sia a livello nazionale che internazionale\u201d ha proseguito il capo della diplomazia italiana, che ha aggiunto: \u201cquesto nuovo approccio vedr\u00e0 in Africa un partenariato a tutto campo, dalla cooperazione allo sviluppo a quella in materia di sicurezza, includendo gli investimenti e la gestione delle migrazioni\u201d.<\/p>\n<p style=\"text-align: justify;\">Gli &#8220;Stati generali\u2019 della cooperazione sono organizzati presso l\u2019Auditorium-Parco della musica dalla Direzione generale per la cooperazione allo sviluppo (Dgcs) del ministero degli Esteri e dall\u2019Agenzia italiana per la cooperazione allo sviluppo (Aics). Accanto al ministro degli Esteri Angelino Alfano e al viceministro Mario Giro interverranno il premier Paolo Gentiloni, i ministri Carlo Calenda e Gian Luca Galletti (rispettivamente titolari di Sviluppo economico ed Economia e Ambiente), accanto a personalit\u00e0 internazionali come il presidente della Repubblica Centrafricana Faustin-Archange Touader\u00e0 e Neven Mimica, commissario Ue per la Cooperazione allo sviluppo. Attesi anche rappresentanti delle organizzazioni internazionali e dell\u2019associazionismo, come Unhcr, Banca mondiale, Comunita\u2019 di Sant\u2019Egidio, Carta di Roma, e dal mondo accademico nonch\u00e9 dello spettacolo tra cui la cantante Karima e le star del web \u2018The Jackal\u2018.<\/p>\n<p style=\"text-align: justify;\"><a href=\"resource\/doc\/2018\/01\/programma_22.01.2018def.pdf\">Scarica qui il programma<\/a>.<\/p>\n","protected":false},"excerpt":{"rendered":"\u201dNovit\u00e0 e futuro: Il mondo della Cooperazione Italiana&#8221; \u00e8 il titolo della due giorni di incontri che si terr\u00e0 il 24 e il 25 gennaio a Roma, un momento di sintesi ma anche un nuovo punto di partenza, in cui verranno presentati non solo i risultati dell\u2019azione ordinaria tra ministero e organizzazioni non governative (ong), [&hellip;]","protected":false},"author":1,"featured_media":0,"comment_status":"","ping_status":"","sticky":false,"template":"","format":"standard","meta":{"footnotes":""},"categories":[21],"tags":[29,76],"class_list":["post-57609","post","type-post","status-publish","format-standard","hentry","category-eventi","tag-cooperazione-sviluppo","tag-ministri-precedenti"],"_links":{"self":[{"href":"https:\/\/www.esteri.it\/it\/wp-json\/wp\/v2\/posts\/57609","targetHints":{"allow":["GET"]}}],"collection":[{"href":"https:\/\/www.esteri.it\/it\/wp-json\/wp\/v2\/posts"}],"about":[{"href":"https:\/\/www.esteri.it\/it\/wp-json\/wp\/v2\/types\/post"}],"author":[{"embeddable":true,"href":"https:\/\/www.esteri.it\/it\/wp-json\/wp\/v2\/users\/1"}],"replies":[{"embeddable":true,"href":"https:\/\/www.esteri.it\/it\/wp-json\/wp\/v2\/comments?post=57609"}],"version-history":[{"count":0,"href":"https:\/\/www.esteri.it\/it\/wp-json\/wp\/v2\/posts\/57609\/revisions"}],"wp:attachment":[{"href":"https:\/\/www.esteri.it\/it\/wp-json\/wp\/v2\/media?parent=57609"}],"wp:term":[{"taxonomy":"category","embeddable":true,"href":"https:\/\/www.esteri.it\/it\/wp-json\/wp\/v2\/categories?post=57609"},{"taxonomy":"post_tag","embeddable":true,"href":"https:\/\/www.esteri.it\/it\/wp-json\/wp\/v2\/tags?post=57609"}],"curies":[{"name":"wp","href":"https:\/\/api.w.org\/{rel}","templated":true}]}}