{"id":58201,"date":"2021-09-10T18:18:09","date_gmt":"2021-09-10T16:18:09","guid":{"rendered":"https:\/\/www.esteri.it\/sala_stampa\/archivionotizie\/comunicati\/2021\/09\/polonia-run-on-together\/"},"modified":"2021-09-10T18:18:09","modified_gmt":"2021-09-10T16:18:09","slug":"polonia-run-on-together","status":"publish","type":"post","link":"https:\/\/www.esteri.it\/it\/sala_stampa\/archivionotizie\/retediplomatica\/2021\/09\/polonia-run-on-together\/","title":{"rendered":"Polonia: Run on Together"},"content":{"rendered":"<p>L&#8217;amicizia tra Italia e Polonia avanza di corsa! \u00c8 quello lo slogan che l&#8217;Ambasciata d&#8217;Italia a Varsavia ha voluto lanciare con l&#8217;evento podistico &#8220;Run on Together&#8221;, in programma domenica 12 settembre dalle ore 11 presso il parco Kempa Potocka della Capitale. Un evento originale, inedito nel suo genere, ideato dalla Rappresentanza diplomatica italiana per celebrare la profonda e storica amicizia italo-polacca e allo stesso tempo per lanciare un messaggio di speranza e ottimismo dopo oltre un anno segnato dalla pandemia.<\/p>\n<p>&#8220;Il covid-19 ha messo a dura prova le nostre societ\u00e0, provocando gravi sofferenze e obbligando i Governi ad adottare importanti misure restrittive per contenere l&#8217;espansione della pandemia. Si \u00e8 trattato e si tratta tuttora di una sfida incredibile cui i nostri cittadini stanno facendo fronte con grande coraggio, dignit\u00e0 e senso civico&#8221; ha dichiarato l&#8217;Ambasciatore Aldo Amati.<\/p>\n<p>&#8220;D&#8217;altro canto, l&#8217;emergenza covid19 &#8211; prosegue il Capo della Rappresentanza diplomatica &#8211; ha anche rafforzato la tradizionale amicizia italo-polacca,\u00a0 con indimenticabili gesti di solidariet\u00e0, specialmente nei mesi pi\u00f9 drammatici. Con l&#8217;evento di domenica vogliamo quindi rendere omaggio a questa nostra storica amicizia e allo stesso tempo lanciare anche un messaggio di ottimismo. Non a caso l&#8217;evento \u00e8 stato denominato \u201cRun on Together\u201d, proprio per trasmettere l\u2019idea di due Paesi che vogliono passare pagina, \u201ccorrendo\u201d assieme fuori dalla pandemia&#8221;<\/p>\n<p>La corsa, inoltre, sar\u00e0 anche legata ad un\u2019iniziativa benefica a favore del Rifugio per animali \u201cPaluch\u201d, cui verr\u00e0 interamente devoluto l\u2019incasso per le quote di registrazione alla corsa. Oltre alla Municipalit\u00e0 di Varsavia, sosterranno questa bella giornata all\u2019insegna dello sport e della solidariet\u00e0 grandi realt\u00e0 imprenditoriali italiane quali Ferrero Polska, Generali Polska, Banca Intesa e Leonardo Polska. Sar\u00e0 anche presente l\u2019Ente nazionale italiano per il Turismo (ENIT), patrocinatore dell\u2019iniziativa assieme al Ministero italiano del Turismo. L\u2019ente che si occuper\u00e0 dell\u2019organizzazione dell\u2019evento \u00e8 la Fondazione della Maratona di Varsavia. &#8220;La risposta del pubblico a questa nostra iniziativa \u00e8 stata straordinaria, con le iscrizioni &#8211; oltre 500 &#8211; che sono gi\u00e0 esaurite. Ci sar\u00e0 per\u00f2 grande spazio per le famiglie e specialmente per i pi\u00f9 piccoli grazie all&#8217;area ad hoc allestita dall&#8217;azienda Ferrero\u00a0nell&#8217;ambito del loro programma di responsabilit\u00e0 sociale d&#8217;impresa denominato Kinder Joy of Moving. Per cui vi aspettiamo numerosi, corridori e non!&#8221; ha concluso l&#8217;Ambasciatore.<\/p>\n<p>\u00a0<\/p>\n<p><img loading=\"lazy\" decoding=\"async\" src=\"https:\/\/www.esteri.it\/mae\/resource\/img\/2021\/09\/rotita.jpg\" width=\"600\" height=\"300\" alt=\"rotita\" style=\"display: block; margin-left: auto; margin-right: auto;\" \/><\/p>\n","protected":false},"excerpt":{"rendered":"L&#8217;amicizia tra Italia e Polonia avanza di corsa! \u00c8 quello lo slogan che l&#8217;Ambasciata d&#8217;Italia a Varsavia ha voluto lanciare con l&#8217;evento podistico &#8220;Run on Together&#8221;, in programma domenica 12 settembre dalle ore 11 presso il parco Kempa Potocka della Capitale. Un evento originale, inedito nel suo genere, ideato dalla Rappresentanza diplomatica italiana per celebrare [&hellip;]","protected":false},"author":1,"featured_media":0,"comment_status":"","ping_status":"","sticky":false,"template":"","format":"standard","meta":{"footnotes":""},"categories":[20],"tags":[32,9],"class_list":["post-58201","post","type-post","status-publish","format-standard","hentry","category-retediplomatica","tag-diplomazia-culturale","tag-europa"],"_links":{"self":[{"href":"https:\/\/www.esteri.it\/it\/wp-json\/wp\/v2\/posts\/58201","targetHints":{"allow":["GET"]}}],"collection":[{"href":"https:\/\/www.esteri.it\/it\/wp-json\/wp\/v2\/posts"}],"about":[{"href":"https:\/\/www.esteri.it\/it\/wp-json\/wp\/v2\/types\/post"}],"author":[{"embeddable":true,"href":"https:\/\/www.esteri.it\/it\/wp-json\/wp\/v2\/users\/1"}],"replies":[{"embeddable":true,"href":"https:\/\/www.esteri.it\/it\/wp-json\/wp\/v2\/comments?post=58201"}],"version-history":[{"count":0,"href":"https:\/\/www.esteri.it\/it\/wp-json\/wp\/v2\/posts\/58201\/revisions"}],"wp:attachment":[{"href":"https:\/\/www.esteri.it\/it\/wp-json\/wp\/v2\/media?parent=58201"}],"wp:term":[{"taxonomy":"category","embeddable":true,"href":"https:\/\/www.esteri.it\/it\/wp-json\/wp\/v2\/categories?post=58201"},{"taxonomy":"post_tag","embeddable":true,"href":"https:\/\/www.esteri.it\/it\/wp-json\/wp\/v2\/tags?post=58201"}],"curies":[{"name":"wp","href":"https:\/\/api.w.org\/{rel}","templated":true}]}}