{"id":58205,"date":"2021-09-10T15:54:43","date_gmt":"2021-09-10T13:54:43","guid":{"rendered":"https:\/\/www.esteri.it\/sala_stampa\/archivionotizie\/comunicati\/2021\/09\/supersalone-milano-conference-day-con-ambasciata-a-berlino\/"},"modified":"2021-09-10T15:54:43","modified_gmt":"2021-09-10T13:54:43","slug":"supersalone-milano-conference-day-con-ambasciata-a-berlino","status":"publish","type":"post","link":"https:\/\/www.esteri.it\/it\/sala_stampa\/archivionotizie\/retediplomatica\/2021\/09\/supersalone-milano-conference-day-con-ambasciata-a-berlino\/","title":{"rendered":"Supersalone Milano, Conference Day con Ambasciata a Berlino"},"content":{"rendered":"<p>Nell\u2019ambito del Supersalone \u2013 l\u2019edizione speciale Salone del Mobile &#8211; si \u00e8 svolto ieri, 9 settembre, presso l\u2019Ambasciata d\u2019Italia a Berlino un collegamento digitale tra Milano e la scena berlinese del design e dell&#8217;architettura sotto forma di Conference Day. Un evento realizzato in collaborazione con Boeri Architetti, Studio Wegwerth e ICE.<\/p>\n<p>\u00a0<\/p>\n<p><img loading=\"lazy\" decoding=\"async\" src=\"https:\/\/www.esteri.it\/mae\/resource\/img\/2021\/09\/supersalone_appro.jpg\" width=\"750\" height=\"501\" alt=\"supersalone appro\" style=\"display: block; margin-left: auto; margin-right: auto;\" \/><\/p>\n<p>\u00a0<\/p>\n<p>Un evento articolato in due parti: un workshop multidisciplinare dal titolo \u201cThe Tomorrow of the Temporary\u201d e un collegamento digitale con il Supersalone, aperto da un intervento dell\u2019Ambasciatore d\u2019Italia Armando Varricchio.<\/p>\n<p>\u201cLa Germania \u2013 ha detto Varricchio &#8211; \u00e8 uno dei principali paesi di destinazione dei mobili italiani. Negli ultimi anni il valore delle esportazioni di mobili \u00e8 stabile intorno a 1 miliardo di euro. Tuttavia, il design non \u00e8 solo un settore rilevante dell&#8217;economia italiana, ma anche un modo di definire lo stile di vita italiano. Associato con la bellezza, con la funzionalit\u00e0, con un atteggiamento speciale per affrontare le sfide di oggi, il design \u00e8 una vetrina dell&#8217;Italia\u201d. Un&#8217;industria \u2013 ha proseguito l\u2019Ambasciatore &#8211; \u201cche sa utilizzare la bellezza come materia prima\u201d, una creativit\u00e0, una \u201ccapacit\u00e0 di coniugare l&#8217;innovazione con i saperi antichi, sono un punto di forza dell&#8217;Italia e possono contraddistinguerci se uniti alle nuove tecnologie e alla ricerca sui materiali\u201d.<\/p>\n<p>\u00a0<\/p>\n<p><img loading=\"lazy\" decoding=\"async\" src=\"https:\/\/www.esteri.it\/mae\/resource\/img\/2021\/09\/supersalone_2.jpg\" width=\"750\" height=\"501\" alt=\"supersalone 2\" style=\"display: block; margin-left: auto; margin-right: auto;\" \/><\/p>\n<p>\u00a0<\/p>\n<p>Dopo l\u2019intervento dell\u2019Ambasciatore Varricchio, ha preso la parola l\u2019architetto Stefano Boeri che ha presentato il team curatoriale, composto da Maria Cristina Didero, Andrea Caputo e Lukas Wegwerth.\u00a0<\/p>\n<p>\u00a0<\/p>\n<p><img loading=\"lazy\" decoding=\"async\" src=\"https:\/\/www.esteri.it\/mae\/resource\/img\/2021\/09\/supersalone_3.jpg\" width=\"750\" height=\"501\" alt=\"supersalone 3\" style=\"display: block; margin-left: auto; margin-right: auto;\" \/><\/p>\n","protected":false},"excerpt":{"rendered":"Nell\u2019ambito del Supersalone \u2013 l\u2019edizione speciale Salone del Mobile &#8211; si \u00e8 svolto ieri, 9 settembre, presso l\u2019Ambasciata d\u2019Italia a Berlino un collegamento digitale tra Milano e la scena berlinese del design e dell&#8217;architettura sotto forma di Conference Day. Un evento realizzato in collaborazione con Boeri Architetti, Studio Wegwerth e ICE. \u00a0 \u00a0 Un evento [&hellip;]","protected":false},"author":1,"featured_media":0,"comment_status":"","ping_status":"","sticky":false,"template":"","format":"standard","meta":{"footnotes":""},"categories":[20],"tags":[3,9],"class_list":["post-58205","post","type-post","status-publish","format-standard","hentry","category-retediplomatica","tag-diplomazia-economica","tag-europa"],"_links":{"self":[{"href":"https:\/\/www.esteri.it\/it\/wp-json\/wp\/v2\/posts\/58205","targetHints":{"allow":["GET"]}}],"collection":[{"href":"https:\/\/www.esteri.it\/it\/wp-json\/wp\/v2\/posts"}],"about":[{"href":"https:\/\/www.esteri.it\/it\/wp-json\/wp\/v2\/types\/post"}],"author":[{"embeddable":true,"href":"https:\/\/www.esteri.it\/it\/wp-json\/wp\/v2\/users\/1"}],"replies":[{"embeddable":true,"href":"https:\/\/www.esteri.it\/it\/wp-json\/wp\/v2\/comments?post=58205"}],"version-history":[{"count":0,"href":"https:\/\/www.esteri.it\/it\/wp-json\/wp\/v2\/posts\/58205\/revisions"}],"wp:attachment":[{"href":"https:\/\/www.esteri.it\/it\/wp-json\/wp\/v2\/media?parent=58205"}],"wp:term":[{"taxonomy":"category","embeddable":true,"href":"https:\/\/www.esteri.it\/it\/wp-json\/wp\/v2\/categories?post=58205"},{"taxonomy":"post_tag","embeddable":true,"href":"https:\/\/www.esteri.it\/it\/wp-json\/wp\/v2\/tags?post=58205"}],"curies":[{"name":"wp","href":"https:\/\/api.w.org\/{rel}","templated":true}]}}