{"id":58274,"date":"2021-08-30T15:15:33","date_gmt":"2021-08-30T13:15:33","guid":{"rendered":"https:\/\/www.esteri.it\/sala_stampa\/archivionotizie\/comunicati\/2021\/08\/aiuti-sanitari-a-cuba-ambasciatore-incontra-associazioni\/"},"modified":"2021-08-30T15:15:33","modified_gmt":"2021-08-30T13:15:33","slug":"aiuti-sanitari-a-cuba-ambasciatore-incontra-associazioni","status":"publish","type":"post","link":"https:\/\/www.esteri.it\/it\/sala_stampa\/archivionotizie\/retediplomatica\/2021\/08\/aiuti-sanitari-a-cuba-ambasciatore-incontra-associazioni\/","title":{"rendered":"Aiuti sanitari a Cuba, Ambasciatore incontra associazioni"},"content":{"rendered":"<p>L\u2019Italia ha inviato a Cuba aiuti sanitari per contrastare una nuova ondata di Covid-19 nell\u2019isola. Un volo carico di medicinali, macchinari (tra cui respiratori polmonari) e materiale sanitario \u00e8 atterrato lo scorso 26 agosto all\u2019aeroporto Jose Marti de l\u2019Avana. Si \u00e8 trattato di un volo speciale della Compagnia Neos, proveniente dall\u2019Italia, che trasportava materiali ed apparecchi sanitari per un valore di circa un milione e mezzo di euro.<\/p>\n<p>L\u2019operazione umanitaria \u00e8 il risultato di un\u2019iniziativa promossa da numerose associazioni italiane (tra cui AICEC, Comunit\u00e0 di Sant\u2019Egidio e Associazione Nazionale di Amicizia Italia-Cuba), dalla CGIL e della Regione Piemonte. Il trasporto aereo \u00e8 stato supportato finanziariamente nell&#8217;ambito del programma di cooperazione PADIT (piattaforma articolata per lo sviluppo territoriale integrato), gestito a Cuba dal Programma delle Nazioni Unite per lo Sviluppo e co-finanziato dall&#8217;Agenzia per la cooperazione allo sviluppo italiana (AICS) e da quella svizzera (COSUDE). \u00a0<\/p>\n<p>Per l\u2019occasione, l\u2019Ambasciatore d\u2019Italia a Cuba, Roberto Vellano, ha sottolineato che \u201cl\u2019impegno congiunto dimostrato in questa operazione dalle organizzazioni della societ\u00e0 civile, con il sostegno delle autorit\u00e0 cubane e delle istituzioni italiane e internazionali, \u00e8 uno dei punti di forza della presenza del Sistema Italia a Cuba\u201d. Alla vigilia dell\u2019arrivo degli aiuti, il 25 agosto, si \u00e8 tenuto all\u2019Ambasciata d\u2019Italia un incontro con i rappresentanti delle associazioni italiane che hanno raccolto gli aiuti sanitari per dare loro il benvenuto. \u00a0<\/p>\n<p>Grazie a questa campagna di solidariet\u00e0 sar\u00e0 possibile distribuire i materiali sanitari raccolti in Italia nelle province pi\u00f9 colpite dall\u2019attuale picco pandemico, come L\u2019Avana, Pinar del Rio, Cienfuegos, Ciego de \u00c1vila, Holgu\u00edn e Santiago.\u00a0<\/p>\n<p>\u00a0<\/p>\n<p><img decoding=\"async\" src=\"https:\/\/www.esteri.it\/mae\/resource\/img\/2021\/08\/cuba_1.jpeg\" alt=\"cuba 1\" style=\"display: block; margin-left: auto; margin-right: auto;\" \/><\/p>\n<p>\u00a0<\/p>\n<p>\u00a0<\/p>\n","protected":false},"excerpt":{"rendered":"L\u2019Italia ha inviato a Cuba aiuti sanitari per contrastare una nuova ondata di Covid-19 nell\u2019isola. Un volo carico di medicinali, macchinari (tra cui respiratori polmonari) e materiale sanitario \u00e8 atterrato lo scorso 26 agosto all\u2019aeroporto Jose Marti de l\u2019Avana. Si \u00e8 trattato di un volo speciale della Compagnia Neos, proveniente dall\u2019Italia, che trasportava materiali ed [&hellip;]","protected":false},"author":1,"featured_media":0,"comment_status":"","ping_status":"","sticky":false,"template":"","format":"standard","meta":{"footnotes":""},"categories":[20],"tags":[398,29],"class_list":["post-58274","post","type-post","status-publish","format-standard","hentry","category-retediplomatica","tag-america-latina-e-caraibi","tag-cooperazione-sviluppo"],"_links":{"self":[{"href":"https:\/\/www.esteri.it\/it\/wp-json\/wp\/v2\/posts\/58274","targetHints":{"allow":["GET"]}}],"collection":[{"href":"https:\/\/www.esteri.it\/it\/wp-json\/wp\/v2\/posts"}],"about":[{"href":"https:\/\/www.esteri.it\/it\/wp-json\/wp\/v2\/types\/post"}],"author":[{"embeddable":true,"href":"https:\/\/www.esteri.it\/it\/wp-json\/wp\/v2\/users\/1"}],"replies":[{"embeddable":true,"href":"https:\/\/www.esteri.it\/it\/wp-json\/wp\/v2\/comments?post=58274"}],"version-history":[{"count":0,"href":"https:\/\/www.esteri.it\/it\/wp-json\/wp\/v2\/posts\/58274\/revisions"}],"wp:attachment":[{"href":"https:\/\/www.esteri.it\/it\/wp-json\/wp\/v2\/media?parent=58274"}],"wp:term":[{"taxonomy":"category","embeddable":true,"href":"https:\/\/www.esteri.it\/it\/wp-json\/wp\/v2\/categories?post=58274"},{"taxonomy":"post_tag","embeddable":true,"href":"https:\/\/www.esteri.it\/it\/wp-json\/wp\/v2\/tags?post=58274"}],"curies":[{"name":"wp","href":"https:\/\/api.w.org\/{rel}","templated":true}]}}