{"id":58424,"date":"2021-07-28T15:01:13","date_gmt":"2021-07-28T13:01:13","guid":{"rendered":"https:\/\/www.esteri.it\/sala_stampa\/archivionotizie\/comunicati\/2021\/07\/parigi-spettacolo-teatrale-alla-scoperta-di-grazia-deledda\/"},"modified":"2021-07-28T15:01:13","modified_gmt":"2021-07-28T13:01:13","slug":"parigi-spettacolo-teatrale-alla-scoperta-di-grazia-deledda","status":"publish","type":"post","link":"https:\/\/www.esteri.it\/it\/sala_stampa\/archivionotizie\/retediplomatica\/2021\/07\/parigi-spettacolo-teatrale-alla-scoperta-di-grazia-deledda\/","title":{"rendered":"Parigi: spettacolo teatrale alla scoperta di Grazia Deledda"},"content":{"rendered":"<p>L\u2019Istituto Italiano di Cultura di Parigi,\u00a0\u00a0in occasione del 150\u00b0 anniversario della nascita del Premio Nobel Grazia Deledda,\u00a0propone, per tre giorni sul suo canale youtube, lo spettacolo teatrale &#8220;La Via del Male&#8221;, tratto dal romanzo omonimo, pubblicato per la prima volta in Italia nel 1896.\u00a0 \u00a0<\/p>\n<p>Lo spettacolo messo in scena dalla &#8220;Compagnia Teatrale Garc\u00eda Lorca&#8221; nell\u2019ambito del progetto &#8220;Deledda in cammino&#8221; vuole far conoscere meglio la figura della scrittrice sarda. L&#8217;adattamento, diretto da\u00a0Patrizia Viglino, offre una versione condensata del romanzo pur mantenendo le caratteristiche della lingua dello scrittore, gli idiomi, le costruzioni linguistiche che sembrano tradotte dal sardo e per questo tanto pi\u00f9 originali ed estremamente efficaci e concrete e, inoltre, dando vita alle parti di dialogo che confermano come i romanzi della Deledda siano molto adatti alla scena teatrale.\u00a0\u00a0<\/p>\n<p>La scelta stilistica \u00e8 quella di utilizzare il monologo e il teatro narrativo per preservare la progressione della storia, che \u00e8 costruita come una tragedia greca. La via del male \u00e8 quella del compromesso con se stessi, della difficolt\u00e0 di fare scelte consapevoli. L&#8217;adattamento teatrale del romanzo nasce, infatti, con l&#8217;intento di mostrare un volto meno classico e tradizionale della scrittrice sarda, evidenziando l&#8217;universalit\u00e0 senza tempo del testo, cos\u00ec come l&#8217;estrema modernit\u00e0 dei personaggi, soprattutto delle donne.\u00a0\u00a0Lo spettacolo \u00e8 interpretato da Patrizia Viglino e accompagnato al pianoforte da\u00a0Antonella Chironi.<\/p>\n<p>\u00a0<\/p>\n<p><iframe loading=\"lazy\" width=\"560\" height=\"315\" src=\"https:\/\/www.youtube-nocookie.com\/embed\/Usq7sIoaWwo\" title=\"YouTube video player\" seamless=\"seamless\" allow=\"accelerometer; autoplay; clipboard-write; encrypted-media; gyroscope; picture-in-picture\" allowfullscreen=\"allowfullscreen\" style=\"display: block; margin-left: auto; margin-right: auto;\"><\/iframe><\/p>\n","protected":false},"excerpt":{"rendered":"L\u2019Istituto Italiano di Cultura di Parigi,\u00a0\u00a0in occasione del 150\u00b0 anniversario della nascita del Premio Nobel Grazia Deledda,\u00a0propone, per tre giorni sul suo canale youtube, lo spettacolo teatrale &#8220;La Via del Male&#8221;, tratto dal romanzo omonimo, pubblicato per la prima volta in Italia nel 1896.\u00a0 \u00a0 Lo spettacolo messo in scena dalla &#8220;Compagnia Teatrale Garc\u00eda Lorca&#8221; [&hellip;]","protected":false},"author":1,"featured_media":0,"comment_status":"","ping_status":"","sticky":false,"template":"","format":"standard","meta":{"footnotes":""},"categories":[20],"tags":[32,9],"class_list":["post-58424","post","type-post","status-publish","format-standard","hentry","category-retediplomatica","tag-diplomazia-culturale","tag-europa"],"_links":{"self":[{"href":"https:\/\/www.esteri.it\/it\/wp-json\/wp\/v2\/posts\/58424","targetHints":{"allow":["GET"]}}],"collection":[{"href":"https:\/\/www.esteri.it\/it\/wp-json\/wp\/v2\/posts"}],"about":[{"href":"https:\/\/www.esteri.it\/it\/wp-json\/wp\/v2\/types\/post"}],"author":[{"embeddable":true,"href":"https:\/\/www.esteri.it\/it\/wp-json\/wp\/v2\/users\/1"}],"replies":[{"embeddable":true,"href":"https:\/\/www.esteri.it\/it\/wp-json\/wp\/v2\/comments?post=58424"}],"version-history":[{"count":0,"href":"https:\/\/www.esteri.it\/it\/wp-json\/wp\/v2\/posts\/58424\/revisions"}],"wp:attachment":[{"href":"https:\/\/www.esteri.it\/it\/wp-json\/wp\/v2\/media?parent=58424"}],"wp:term":[{"taxonomy":"category","embeddable":true,"href":"https:\/\/www.esteri.it\/it\/wp-json\/wp\/v2\/categories?post=58424"},{"taxonomy":"post_tag","embeddable":true,"href":"https:\/\/www.esteri.it\/it\/wp-json\/wp\/v2\/tags?post=58424"}],"curies":[{"name":"wp","href":"https:\/\/api.w.org\/{rel}","templated":true}]}}