{"id":58439,"date":"2021-07-22T15:32:05","date_gmt":"2021-07-22T13:32:05","guid":{"rendered":"https:\/\/www.esteri.it\/sala_stampa\/archivionotizie\/comunicati\/2021\/07\/madrid-al-festival-lev-la-performance-live-media-dokk\/"},"modified":"2021-07-22T15:32:05","modified_gmt":"2021-07-22T13:32:05","slug":"madrid-al-festival-lev-la-performance-live-media-dokk","status":"publish","type":"post","link":"https:\/\/www.esteri.it\/it\/sala_stampa\/archivionotizie\/retediplomatica\/2021\/07\/madrid-al-festival-lev-la-performance-live-media-dokk\/","title":{"rendered":"Madrid: al Festival Lev la performance live media \u201cDokk\u201d"},"content":{"rendered":"<p>Continua la collaborazione dell\u2019Istituto Italiano di Cultura di Madrid con il Festival Lev (Laboratorio di Elettronica Visiva): nell\u2019edizione 2021 presenta il progetto \u201cDokk\u201d dello studio italiano fuse *, in programma il prossimo\u00a025 luglio (ore 21), presso il Teatro de la Laboral della citt\u00e0 di Gijon, nella Spagna nordoccidentale.\u00a0<\/p>\n<p>\u201dDokk\u201d (buio in islandese) \u00e8 una performance live media che\u00a0propone un viaggio nel subconscio, dove la realt\u00e0 \u00e8 rappresentata da mondi e universi che si materializzano e si dissolvono all&#8217;interno della mente, alla continua ricerca dell&#8217;equilibrio tra luce e oscurit\u00e0. E\u2019 frutto di tre anni di lavoro mirati alla creazione di un\u2019opera capace di stimolare un senso di profonda empatia attraverso i concetti della sincronicit\u00e0 e dell\u2019imprevedibilit\u00e0 dell\u2019esistenza umana. Per ottenere questo risultato \u00e8 stato sviluppato un sistema capace di elaborare sul palcoscenico il risultato della stretta interazione tra diversi dati generati in tempo reale: l\u2019analisi del suono, il movimento della performer, il suo battito cardiaco e l\u2019analisi sentimentale dei contenuti condivisi sui social network.\u00a0\u00a0<\/p>\n<p>\u00a0<\/p>\n<p><img loading=\"lazy\" decoding=\"async\" src=\"https:\/\/www.esteri.it\/mae\/resource\/img\/2021\/07\/madrid_appro.jpg\" alt=\"madrid appro\" style=\"display: block; margin-left: auto; margin-right: auto;\" width=\"750\" height=\"375\" \/><\/p>\n<p>\u00a0<\/p>\n<p>fuse\u00a0<strong>*<\/strong>\u00a0\u00e8 uno studio d&#8217;arte e una societ\u00e0 di produzione che lavora con la tecnologia emergente per interpretare la complessit\u00e0 dei fenomeni umani e naturali.\u00a0Fin dalla sua nascita, si \u00e8 concentrato principalmente sulla produzione di installazioni e performance live media che sorprendono e motivano il pubblico a sfidare l&#8217;impossibile.\u00a0Durante l&#8217;evoluzione dello studio, la creazione di nuovi progetti \u00e8 diventata pi\u00f9 olistica.\u00a0Nel corso degli anni, fuse\u00a0<strong>*<\/strong>\u00a0ha esposto e si \u00e8 esibito a livello internazionale nelle principali istituzioni e festival artistici, tra cui Mutek, TodaysArt, S\u00f3nar Istanbul, Artechouse, STRP Biennial, RomaEuropa, Kikk, Scopitone e il National Center for the Performing Arts of China.\u00a0<\/p>\n<p>Lev \u00e8 una piattaforma specializzata nella produzione e diffusione della creazione sonora elettronica relazionata con le arti visive. \u00a0<\/p>\n<p>Per informazioni <a href=\"https:\/\/levfestival.com\/21\/lev-gijon\/fuse-dokk\/\">cliccare qui<\/a><strong><br \/><\/strong><\/p>\n","protected":false},"excerpt":{"rendered":"Continua la collaborazione dell\u2019Istituto Italiano di Cultura di Madrid con il Festival Lev (Laboratorio di Elettronica Visiva): nell\u2019edizione 2021 presenta il progetto \u201cDokk\u201d dello studio italiano fuse *, in programma il prossimo\u00a025 luglio (ore 21), presso il Teatro de la Laboral della citt\u00e0 di Gijon, nella Spagna nordoccidentale.\u00a0 \u201dDokk\u201d (buio in islandese) \u00e8 una performance [&hellip;]","protected":false},"author":1,"featured_media":0,"comment_status":"","ping_status":"","sticky":false,"template":"","format":"standard","meta":{"footnotes":""},"categories":[20],"tags":[32,9],"class_list":["post-58439","post","type-post","status-publish","format-standard","hentry","category-retediplomatica","tag-diplomazia-culturale","tag-europa"],"_links":{"self":[{"href":"https:\/\/www.esteri.it\/it\/wp-json\/wp\/v2\/posts\/58439","targetHints":{"allow":["GET"]}}],"collection":[{"href":"https:\/\/www.esteri.it\/it\/wp-json\/wp\/v2\/posts"}],"about":[{"href":"https:\/\/www.esteri.it\/it\/wp-json\/wp\/v2\/types\/post"}],"author":[{"embeddable":true,"href":"https:\/\/www.esteri.it\/it\/wp-json\/wp\/v2\/users\/1"}],"replies":[{"embeddable":true,"href":"https:\/\/www.esteri.it\/it\/wp-json\/wp\/v2\/comments?post=58439"}],"version-history":[{"count":0,"href":"https:\/\/www.esteri.it\/it\/wp-json\/wp\/v2\/posts\/58439\/revisions"}],"wp:attachment":[{"href":"https:\/\/www.esteri.it\/it\/wp-json\/wp\/v2\/media?parent=58439"}],"wp:term":[{"taxonomy":"category","embeddable":true,"href":"https:\/\/www.esteri.it\/it\/wp-json\/wp\/v2\/categories?post=58439"},{"taxonomy":"post_tag","embeddable":true,"href":"https:\/\/www.esteri.it\/it\/wp-json\/wp\/v2\/tags?post=58439"}],"curies":[{"name":"wp","href":"https:\/\/api.w.org\/{rel}","templated":true}]}}