{"id":58444,"date":"2021-07-21T16:56:29","date_gmt":"2021-07-21T14:56:29","guid":{"rendered":"https:\/\/www.esteri.it\/sala_stampa\/archivionotizie\/comunicati\/2021\/07\/laboratorio-teatrale-su-luigi-pirandello-a-san-paolo\/"},"modified":"2021-07-21T16:56:29","modified_gmt":"2021-07-21T14:56:29","slug":"laboratorio-teatrale-su-luigi-pirandello-a-san-paolo","status":"publish","type":"post","link":"https:\/\/www.esteri.it\/it\/sala_stampa\/archivionotizie\/retediplomatica\/2021\/07\/laboratorio-teatrale-su-luigi-pirandello-a-san-paolo\/","title":{"rendered":"Laboratorio teatrale su Luigi Pirandello a San Paolo"},"content":{"rendered":"<p>Un laboratorio teatrale su Luigi Pirandello (1867-1936), uno degli autori pi\u00f9 importanti della letteratura italiana, \u00e8 stato organizzato dall\u2019Istituto Italiano di Cultura di San Paolo, in collaborazione con Puntob. Otto incontri a cadenza settimanale, in lingua italiana, a partire dal 23 luglio fino al 10 settembre, rivolto a chi \u00e8 interessato a coltivare lo studio\u00a0dell\u2019italiano e ad avvicinarsi alla disciplina del teatro, divertendosi e sperimentando. Potr\u00e0 partecipare chi ha gi\u00e0 una conoscenza di base della lingua italiana (A2) anche senza esperienza teatrale; massimo 16 partecipanti.\u00a0\u00a0\u00a0<\/p>\n<p>Il laboratorio \u2013 a cura di Valentina Cantoni &#8211; si svolger\u00e0 online e alterner\u00e0 momenti teorici e pratici: attraverso letture, conversazioni, giochi teatrali ed esperimenti scenici; saranno affrontati temi cari al teatro pirandelliano, riflettendo sul tema dell\u2019io, sul concetto di maschera e identit\u00e0, sulla relazione tra pazzia e lucidit\u00e0, realt\u00e0 e finzione. Fra le opere trattate nel laboratorio, il \u2018Fu Mattia Pascal\u2019, \u2018Sei personaggi in cerca di autore\u2019, \u2018Uno nessuno centomila\u2019, \u2018La giara\u2019.\u00a0<\/p>\n","protected":false},"excerpt":{"rendered":"Un laboratorio teatrale su Luigi Pirandello (1867-1936), uno degli autori pi\u00f9 importanti della letteratura italiana, \u00e8 stato organizzato dall\u2019Istituto Italiano di Cultura di San Paolo, in collaborazione con Puntob. Otto incontri a cadenza settimanale, in lingua italiana, a partire dal 23 luglio fino al 10 settembre, rivolto a chi \u00e8 interessato a coltivare lo studio\u00a0dell\u2019italiano [&hellip;]","protected":false},"author":1,"featured_media":0,"comment_status":"","ping_status":"","sticky":false,"template":"","format":"standard","meta":{"footnotes":""},"categories":[20],"tags":[398,32],"class_list":["post-58444","post","type-post","status-publish","format-standard","hentry","category-retediplomatica","tag-america-latina-e-caraibi","tag-diplomazia-culturale"],"_links":{"self":[{"href":"https:\/\/www.esteri.it\/it\/wp-json\/wp\/v2\/posts\/58444","targetHints":{"allow":["GET"]}}],"collection":[{"href":"https:\/\/www.esteri.it\/it\/wp-json\/wp\/v2\/posts"}],"about":[{"href":"https:\/\/www.esteri.it\/it\/wp-json\/wp\/v2\/types\/post"}],"author":[{"embeddable":true,"href":"https:\/\/www.esteri.it\/it\/wp-json\/wp\/v2\/users\/1"}],"replies":[{"embeddable":true,"href":"https:\/\/www.esteri.it\/it\/wp-json\/wp\/v2\/comments?post=58444"}],"version-history":[{"count":0,"href":"https:\/\/www.esteri.it\/it\/wp-json\/wp\/v2\/posts\/58444\/revisions"}],"wp:attachment":[{"href":"https:\/\/www.esteri.it\/it\/wp-json\/wp\/v2\/media?parent=58444"}],"wp:term":[{"taxonomy":"category","embeddable":true,"href":"https:\/\/www.esteri.it\/it\/wp-json\/wp\/v2\/categories?post=58444"},{"taxonomy":"post_tag","embeddable":true,"href":"https:\/\/www.esteri.it\/it\/wp-json\/wp\/v2\/tags?post=58444"}],"curies":[{"name":"wp","href":"https:\/\/api.w.org\/{rel}","templated":true}]}}