{"id":58453,"date":"2021-07-19T10:58:15","date_gmt":"2021-07-19T08:58:15","guid":{"rendered":"https:\/\/www.esteri.it\/sala_stampa\/archivionotizie\/comunicati\/2021\/07\/albania-rassegna-di-documentari-italiani\/"},"modified":"2021-07-19T10:58:15","modified_gmt":"2021-07-19T08:58:15","slug":"albania-rassegna-di-documentari-italiani","status":"publish","type":"post","link":"https:\/\/www.esteri.it\/it\/sala_stampa\/archivionotizie\/retediplomatica\/2021\/07\/albania-rassegna-di-documentari-italiani\/","title":{"rendered":"Kosovo, rassegna di documentari italiani"},"content":{"rendered":"<p>L\u2019Ambasciata d\u2019Italia a Pristina, in collaborazione con l\u2019Istituto Italiano di Cultura di Tirana, \u00a0promuove la proiezione di quattro documentari italiani al Cinema \u201cKino Armata\u201d di Pristina. La rassegna in corso fino al 3 agosto prossimo (ingressi gratuiti) \u00e8 stata organizzata nell\u2019ambito della serie \u201cDocumentari italiani contemporanei 101\u201d.\u00a0<\/p>\n<p>\u00a0<\/p>\n<p><img loading=\"lazy\" decoding=\"async\" src=\"https:\/\/www.esteri.it\/mae\/resource\/img\/2021\/07\/pristina_appro.jpg\" alt=\"pristina appro\" style=\"display: block; margin-left: auto; margin-right: auto;\" width=\"750\" height=\"422\" \/><\/p>\n<p>\u00a0<\/p>\n<p>Il primo documentario, \u2018Il Colosseo in Quarantena\u2019 (2020), regista Luca Lancise &#8211; proiettato luned\u00ec 13 luglio scorso &#8211; affronta il tema della riapertura del fragile gigante ai tempi del Covid. All&#8217;interno dei grandi spazi del Colosseo, una piccola grande famiglia di esperti continua a prendersi cura del monumento che per loro \u00e8 una seconda casa. Si ritrovano a vivere in un tempo sospeso: gli spazi sono vuoti e silenziosi, apparentemente abbandonati, privati delle migliaia di voci, linguaggi. Questa straordinaria situazione si trasforma per\u00f2 nella possibilit\u00e0 di guardare al monumento in modo nuovo e diverso, scoprendone e riscoprendone i segreti, i dettagli, le prospettive inedite rimaste nascoste sotto il continuo flusso turistico. \u00a0<\/p>\n<p>La seconda proiezione (in lingua originale con sottotitoli in albanese e inglese) \u00e8 in programma marted\u00ec 20 luglio (ore 19): \u2018La Dolce Nave\u2019 (2013) del regista Daniele Vicari. Oggetto del documentario la nave albanese \u2018Vlora\u2019 che l\u20198 agosto 1991 (di ritorno da Cuba) raggiunse il porto di Bari con 20 mila persone a bordo. A guardarla da vicino, la nave sembra una brulicante colonia di formiche, una massa indistinta di corpi aggrappati l&#8217;uno all&#8217;altro. L&#8217;ormeggio \u00e8 difficile, qualcuno si butta in mare per nuotare fino a terra, tanti altri gridano in coro \u201cItalia, Italia\u201d, facendo con le dita il segno della vittoria. La maggior parte delle persone che si imbarcarono su quella nave furono rimandate in Albania ma le traversate continuarono e molti di loro fecero un altro tentativo. Oggi in Italia vivono quattro milioni e mezzo di stranieri. \u00a0<\/p>\n<p>Marted\u00ec 27 luglio (ore 19), sar\u00e0 la volta del documentario \u2018Fellini Fine Mai\u2019 (2019), regista Eugenio Cappuccio, che descrive episodi sconosciuti del cinema, della vita e della poesia del Maestro. In particolare, Cappuccio ricostruisce le vicende della sua conoscenza con Federico Fellini: a Rimini da adolescente, e poi, dopo aver studiato al Centro Sperimentale di Cinematografia, quando hanno lavorato insieme sul set di \u201cGinger e Fred\u201d. Percorrendo i resti e le tracce del vasto repertorio televisivo della RAI, il documentario si arricchisce di numerose testimonianze originali di persone che hanno lavorato con il regista italiano. Il film sar\u00e0 proiettato in italiano con sottotitoli in inglese. \u00a0<\/p>\n<p>L\u2019ultimo appuntamento della rassegna \u00e8 per marted\u00ec 3 agosto (ore 19). Sar\u00e0 proiettato, in italiano con sottotitoli in inglese, \u2018Paradigma Olivetti\u2019 (2020) di Davide Maffei in cui, attraverso le voci di designer, storici e manager e grazie a straordinari materiali d\u2019archivio, si ripercorrono i percorsi del design industriale Olivetti, dalla morte di Adriano nel 1960 agli anni &#8217;90, attraversando le sfide di un&#8217;epoca segnata da rapide innovazioni: il passaggio dalla meccanica tecnologia all&#8217;elettronica, fino al suo successo nel competitivo settore.\u00a0Nonostante i cambiamenti indotti da questo nuovo scenario, Olivetti riuscir\u00e0, in un mercato di concorrenza mondiale, ad imporsi ancora una volta nel design del prodotto industriale come paradigma di un metodo capace di produrre, con linguaggi diversi, l&#8217;unicit\u00e0 di uno stesso stile.\u00a0<\/p>\n","protected":false},"excerpt":{"rendered":"L\u2019Ambasciata d\u2019Italia a Pristina, in collaborazione con l\u2019Istituto Italiano di Cultura di Tirana, \u00a0promuove la proiezione di quattro documentari italiani al Cinema \u201cKino Armata\u201d di Pristina. La rassegna in corso fino al 3 agosto prossimo (ingressi gratuiti) \u00e8 stata organizzata nell\u2019ambito della serie \u201cDocumentari italiani contemporanei 101\u201d.\u00a0 \u00a0 \u00a0 Il primo documentario, \u2018Il Colosseo in [&hellip;]","protected":false},"author":1,"featured_media":0,"comment_status":"","ping_status":"","sticky":false,"template":"","format":"standard","meta":{"footnotes":""},"categories":[20],"tags":[32,9],"class_list":["post-58453","post","type-post","status-publish","format-standard","hentry","category-retediplomatica","tag-diplomazia-culturale","tag-europa"],"_links":{"self":[{"href":"https:\/\/www.esteri.it\/it\/wp-json\/wp\/v2\/posts\/58453","targetHints":{"allow":["GET"]}}],"collection":[{"href":"https:\/\/www.esteri.it\/it\/wp-json\/wp\/v2\/posts"}],"about":[{"href":"https:\/\/www.esteri.it\/it\/wp-json\/wp\/v2\/types\/post"}],"author":[{"embeddable":true,"href":"https:\/\/www.esteri.it\/it\/wp-json\/wp\/v2\/users\/1"}],"replies":[{"embeddable":true,"href":"https:\/\/www.esteri.it\/it\/wp-json\/wp\/v2\/comments?post=58453"}],"version-history":[{"count":0,"href":"https:\/\/www.esteri.it\/it\/wp-json\/wp\/v2\/posts\/58453\/revisions"}],"wp:attachment":[{"href":"https:\/\/www.esteri.it\/it\/wp-json\/wp\/v2\/media?parent=58453"}],"wp:term":[{"taxonomy":"category","embeddable":true,"href":"https:\/\/www.esteri.it\/it\/wp-json\/wp\/v2\/categories?post=58453"},{"taxonomy":"post_tag","embeddable":true,"href":"https:\/\/www.esteri.it\/it\/wp-json\/wp\/v2\/tags?post=58453"}],"curies":[{"name":"wp","href":"https:\/\/api.w.org\/{rel}","templated":true}]}}