{"id":58454,"date":"2021-07-16T15:23:04","date_gmt":"2021-07-16T13:23:04","guid":{"rendered":"https:\/\/www.esteri.it\/sala_stampa\/archivionotizie\/comunicati\/2021\/07\/slovacchia-amb-flumiani-incontra-ministro-dell-istruzione\/"},"modified":"2021-07-16T15:23:04","modified_gmt":"2021-07-16T13:23:04","slug":"slovacchia-amb-flumiani-incontra-ministro-dell-istruzione","status":"publish","type":"post","link":"https:\/\/www.esteri.it\/it\/sala_stampa\/archivionotizie\/retediplomatica\/2021\/07\/slovacchia-amb-flumiani-incontra-ministro-dell-istruzione\/","title":{"rendered":"Slovacchia, Amb. Flumiani incontra Ministro dell&#8217;Istruzione"},"content":{"rendered":"<p>L\u2019Ambasciatrice d\u2019Italia a Bratislava Catherine Flumiani ha avuto un incontro con il Ministro dell\u2019Istruzione, Scienza, Ricerca e Sport della Repubblica Slovacca Branislav Gr\u00f6hling. Il cordiale colloquio, che si \u00e8 svolto lo scorso 13 luglio, \u00e8 stata l\u2019occasione per \u00a0discutere progetti finalizzati all\u2019ampliamento dell\u2019offerta della lingua italiana nelle scuole e nelle universit\u00e0 slovacche. \u00a0<\/p>\n<p>L\u2019Ambasciatrice Flumiani ha tenuto a sottolineare che la promozione della lingua italiana rappresenta una priorit\u00e0 per il Ministero degli Affari Esteri e della Cooperazione Internazionale che sostiene la sezione bilingue del Liceo Saru di Bratislava attraverso \u00a0l\u2019invio di personale docente. E\u2019 stata, inoltre, ribadita l\u2019importanza della collaborazione nella ricerca scientifica e sono state esaminate possibili iniziative nel settore dello sport.\u00a0<\/p>\n<p>\u00a0<\/p>\n<p><img loading=\"lazy\" decoding=\"async\" src=\"https:\/\/www.esteri.it\/mae\/resource\/img\/2021\/07\/bratislava_appro.jpg\" width=\"750\" height=\"563\" alt=\"bratislava appro\" style=\"display: block; margin-left: auto; margin-right: auto;\" \/><\/p>\n","protected":false},"excerpt":{"rendered":"L\u2019Ambasciatrice d\u2019Italia a Bratislava Catherine Flumiani ha avuto un incontro con il Ministro dell\u2019Istruzione, Scienza, Ricerca e Sport della Repubblica Slovacca Branislav Gr\u00f6hling. Il cordiale colloquio, che si \u00e8 svolto lo scorso 13 luglio, \u00e8 stata l\u2019occasione per \u00a0discutere progetti finalizzati all\u2019ampliamento dell\u2019offerta della lingua italiana nelle scuole e nelle universit\u00e0 slovacche. \u00a0 L\u2019Ambasciatrice Flumiani [&hellip;]","protected":false},"author":1,"featured_media":0,"comment_status":"","ping_status":"","sticky":false,"template":"","format":"standard","meta":{"footnotes":""},"categories":[20],"tags":[9],"class_list":["post-58454","post","type-post","status-publish","format-standard","hentry","category-retediplomatica","tag-europa"],"_links":{"self":[{"href":"https:\/\/www.esteri.it\/it\/wp-json\/wp\/v2\/posts\/58454","targetHints":{"allow":["GET"]}}],"collection":[{"href":"https:\/\/www.esteri.it\/it\/wp-json\/wp\/v2\/posts"}],"about":[{"href":"https:\/\/www.esteri.it\/it\/wp-json\/wp\/v2\/types\/post"}],"author":[{"embeddable":true,"href":"https:\/\/www.esteri.it\/it\/wp-json\/wp\/v2\/users\/1"}],"replies":[{"embeddable":true,"href":"https:\/\/www.esteri.it\/it\/wp-json\/wp\/v2\/comments?post=58454"}],"version-history":[{"count":0,"href":"https:\/\/www.esteri.it\/it\/wp-json\/wp\/v2\/posts\/58454\/revisions"}],"wp:attachment":[{"href":"https:\/\/www.esteri.it\/it\/wp-json\/wp\/v2\/media?parent=58454"}],"wp:term":[{"taxonomy":"category","embeddable":true,"href":"https:\/\/www.esteri.it\/it\/wp-json\/wp\/v2\/categories?post=58454"},{"taxonomy":"post_tag","embeddable":true,"href":"https:\/\/www.esteri.it\/it\/wp-json\/wp\/v2\/tags?post=58454"}],"curies":[{"name":"wp","href":"https:\/\/api.w.org\/{rel}","templated":true}]}}