{"id":58457,"date":"2021-07-15T15:36:30","date_gmt":"2021-07-15T13:36:30","guid":{"rendered":"https:\/\/www.esteri.it\/sala_stampa\/archivionotizie\/comunicati\/2021\/07\/eccellenze-italiane-inaugura-a-bucarest\/"},"modified":"2021-07-15T15:36:30","modified_gmt":"2021-07-15T13:36:30","slug":"eccellenze-italiane-inaugura-a-bucarest","status":"publish","type":"post","link":"https:\/\/www.esteri.it\/it\/sala_stampa\/archivionotizie\/retediplomatica\/2021\/07\/eccellenze-italiane-inaugura-a-bucarest\/","title":{"rendered":"\u201cEccellenze italiane\u201d inaugura a Bucarest"},"content":{"rendered":"<p>Dopo l\u2019anteprima bolognese di giugno, inaugura a Bucarest, negli spazi del Parco Nicolae Iorga, la mostra \u201cEccellenze italiane. La nuova generazione degli illustratori per ragazzi\u201d, presentata dall\u2019Ambasciata d\u2019Italia in Romania e dall\u2019Istituto Italiano di Cultura di Bucarest, con il sostegno del Comune del Settore 1 della citt\u00e0.<\/p>\n<p>\u00a0<\/p>\n<p><img loading=\"lazy\" decoding=\"async\" src=\"https:\/\/www.esteri.it\/mae\/resource\/img\/2021\/07\/bucarest_1.jpg\" width=\"750\" height=\"551\" alt=\"bucarest 1\" style=\"display: block; margin-left: auto; margin-right: auto;\" \/><\/p>\n<p>\u00a0<\/p>\n<p>La mostra, organizzata da Bologna Children\u2019s Book Fair, con la curatela della Cooperativa Giannino Stoppani e dell\u2019Accademia Drosselmeier, e promossa all\u2019estero dalla Regione Emilia-Romagna e dal Ministero degli Affari Esteri e della Cooperazione Internazionale, presenta una selezione di illustrazioni realizzate da venti tra i pi\u00f9 apprezzati giovani illustratori di libri per ragazzi.<\/p>\n<p>Terzo capitolo della serie \u201cEccellenze italiane\u201d, dopo il grande successo della precedente edizione dedicata a Gianni Rodari, l\u2019esposizione 2021 \u00e8 dedicata ai creativi italiani tra i 25 e i 35 anni, giovani talenti che si sono contraddistinti per la qualit\u00e0 del proprio disegno, l\u2019originalit\u00e0 di contenuto, la capacit\u00e0 di far dialogare i testi con le immagini in una forma personale e unica.<\/p>\n<p>\u00a0<\/p>\n<p><img loading=\"lazy\" decoding=\"async\" src=\"https:\/\/www.esteri.it\/mae\/resource\/img\/2021\/07\/bucarest_3.jpg\" width=\"750\" height=\"482\" alt=\"bucarest 3\" style=\"display: block; margin-left: auto; margin-right: auto;\" \/><\/p>\n<p>\u00a0<\/p>\n<p>La tappa a Bucarest della mostra, in programma dall\u20198 luglio al 12 settembre 2021, prima di un tour internazionale che coinvolger\u00e0 Ambasciate, Consolati e Istituti Italiani di Cultura nel mondo, si contraddistingue per la location unica: il parco Nicolae Iorga \u00e8 al cuore di uno dei distretti pi\u00f9 vivaci della citt\u00e0, uno spazio verde frequentato da bambini e ragazzi, pubblico naturale a cui si rivolgono le illustrazioni in mostra.<\/p>\n<p>\u00a0<\/p>\n<p><img loading=\"lazy\" decoding=\"async\" src=\"https:\/\/www.esteri.it\/mae\/resource\/img\/2021\/07\/bucarest_4.jpg\" width=\"750\" height=\"513\" alt=\"bucarest 4\" style=\"display: block; margin-left: auto; margin-right: auto;\" \/><\/p>\n<p>\u00a0<\/p>\n<p><img loading=\"lazy\" decoding=\"async\" src=\"https:\/\/www.esteri.it\/mae\/resource\/img\/2021\/07\/bucarest_5.jpg\" width=\"750\" height=\"562\" alt=\"bucarest 5\" style=\"display: block; margin-left: auto; margin-right: auto;\" \/><\/p>\n","protected":false},"excerpt":{"rendered":"Dopo l\u2019anteprima bolognese di giugno, inaugura a Bucarest, negli spazi del Parco Nicolae Iorga, la mostra \u201cEccellenze italiane. La nuova generazione degli illustratori per ragazzi\u201d, presentata dall\u2019Ambasciata d\u2019Italia in Romania e dall\u2019Istituto Italiano di Cultura di Bucarest, con il sostegno del Comune del Settore 1 della citt\u00e0. \u00a0 \u00a0 La mostra, organizzata da Bologna Children\u2019s [&hellip;]","protected":false},"author":1,"featured_media":0,"comment_status":"","ping_status":"","sticky":false,"template":"","format":"standard","meta":{"footnotes":""},"categories":[20],"tags":[32,9],"class_list":["post-58457","post","type-post","status-publish","format-standard","hentry","category-retediplomatica","tag-diplomazia-culturale","tag-europa"],"_links":{"self":[{"href":"https:\/\/www.esteri.it\/it\/wp-json\/wp\/v2\/posts\/58457","targetHints":{"allow":["GET"]}}],"collection":[{"href":"https:\/\/www.esteri.it\/it\/wp-json\/wp\/v2\/posts"}],"about":[{"href":"https:\/\/www.esteri.it\/it\/wp-json\/wp\/v2\/types\/post"}],"author":[{"embeddable":true,"href":"https:\/\/www.esteri.it\/it\/wp-json\/wp\/v2\/users\/1"}],"replies":[{"embeddable":true,"href":"https:\/\/www.esteri.it\/it\/wp-json\/wp\/v2\/comments?post=58457"}],"version-history":[{"count":0,"href":"https:\/\/www.esteri.it\/it\/wp-json\/wp\/v2\/posts\/58457\/revisions"}],"wp:attachment":[{"href":"https:\/\/www.esteri.it\/it\/wp-json\/wp\/v2\/media?parent=58457"}],"wp:term":[{"taxonomy":"category","embeddable":true,"href":"https:\/\/www.esteri.it\/it\/wp-json\/wp\/v2\/categories?post=58457"},{"taxonomy":"post_tag","embeddable":true,"href":"https:\/\/www.esteri.it\/it\/wp-json\/wp\/v2\/tags?post=58457"}],"curies":[{"name":"wp","href":"https:\/\/api.w.org\/{rel}","templated":true}]}}