{"id":58462,"date":"2021-07-14T15:40:23","date_gmt":"2021-07-14T13:40:23","guid":{"rendered":"https:\/\/www.esteri.it\/sala_stampa\/archivionotizie\/comunicati\/2021\/07\/lione-bollani-reinterpreta-jesus-christ-superstar\/"},"modified":"2021-07-14T15:40:23","modified_gmt":"2021-07-14T13:40:23","slug":"lione-bollani-reinterpreta-jesus-christ-superstar","status":"publish","type":"post","link":"https:\/\/www.esteri.it\/it\/sala_stampa\/archivionotizie\/retediplomatica\/2021\/07\/lione-bollani-reinterpreta-jesus-christ-superstar\/","title":{"rendered":"Lione: Bollani reinterpreta Jesus Christ Superstar"},"content":{"rendered":"<p>Un appuntamento molto atteso quello organizzato dall\u2019Istituto Italiano di Cultura di Lione per il 18 luglio alle 20:30 che vedr\u00e0 esibirsi al Grand Th\u00e9\u00e2tre di Lione Stefano Bollani e Thomas De Pourquery, nell&#8217;ambito del Festival Les Nuits de Fourvi\u00e8re.\u00a0<\/p>\n<p>\u00a0<\/p>\n<p><img loading=\"lazy\" decoding=\"async\" src=\"https:\/\/www.esteri.it\/mae\/resource\/img\/2021\/07\/bollani.jpg\" width=\"750\" height=\"290\" alt=\"bollani\" style=\"display: block; margin-left: auto; margin-right: auto;\" \/><\/p>\n<p>\u00a0<\/p>\n<p>Il concerto &#8220;Variations pour piano sur Jesus Christ Superstar&#8221; \u00e8 la reinterpretazione dell\u2019opera originale di Andrew Lloyd Webber e Tim Rice fatta da Bollani che ha amato questo capolavoro fin da piccolo. Dopo aver ottenuto il permesso\u00a0 da Andrew Lloyd Webber di reinterpretare la sua opera cult, Bollani si \u00e8 liberamente avvicinato al testo improvvisando sui motivi originali e sulle canzoni seguendo \u00a0il suo spirito e linguaggio musicale. Ne \u00e8 nata un\u2019opera di virtuosismo jazz del grande pianista italiano che sar\u00e0 accompagnato da Thomas De Pourquery.<\/p>\n","protected":false},"excerpt":{"rendered":"Un appuntamento molto atteso quello organizzato dall\u2019Istituto Italiano di Cultura di Lione per il 18 luglio alle 20:30 che vedr\u00e0 esibirsi al Grand Th\u00e9\u00e2tre di Lione Stefano Bollani e Thomas De Pourquery, nell&#8217;ambito del Festival Les Nuits de Fourvi\u00e8re.\u00a0 \u00a0 \u00a0 Il concerto &#8220;Variations pour piano sur Jesus Christ Superstar&#8221; \u00e8 la reinterpretazione dell\u2019opera originale [&hellip;]","protected":false},"author":1,"featured_media":0,"comment_status":"","ping_status":"","sticky":false,"template":"","format":"standard","meta":{"footnotes":""},"categories":[20],"tags":[32,9],"class_list":["post-58462","post","type-post","status-publish","format-standard","hentry","category-retediplomatica","tag-diplomazia-culturale","tag-europa"],"_links":{"self":[{"href":"https:\/\/www.esteri.it\/it\/wp-json\/wp\/v2\/posts\/58462","targetHints":{"allow":["GET"]}}],"collection":[{"href":"https:\/\/www.esteri.it\/it\/wp-json\/wp\/v2\/posts"}],"about":[{"href":"https:\/\/www.esteri.it\/it\/wp-json\/wp\/v2\/types\/post"}],"author":[{"embeddable":true,"href":"https:\/\/www.esteri.it\/it\/wp-json\/wp\/v2\/users\/1"}],"replies":[{"embeddable":true,"href":"https:\/\/www.esteri.it\/it\/wp-json\/wp\/v2\/comments?post=58462"}],"version-history":[{"count":0,"href":"https:\/\/www.esteri.it\/it\/wp-json\/wp\/v2\/posts\/58462\/revisions"}],"wp:attachment":[{"href":"https:\/\/www.esteri.it\/it\/wp-json\/wp\/v2\/media?parent=58462"}],"wp:term":[{"taxonomy":"category","embeddable":true,"href":"https:\/\/www.esteri.it\/it\/wp-json\/wp\/v2\/categories?post=58462"},{"taxonomy":"post_tag","embeddable":true,"href":"https:\/\/www.esteri.it\/it\/wp-json\/wp\/v2\/tags?post=58462"}],"curies":[{"name":"wp","href":"https:\/\/api.w.org\/{rel}","templated":true}]}}