{"id":58493,"date":"2021-07-07T12:52:02","date_gmt":"2021-07-07T10:52:02","guid":{"rendered":"https:\/\/www.esteri.it\/sala_stampa\/archivionotizie\/comunicati\/2021\/07\/dubai-per-italian-design-day-si-parla-di-expo-2020\/"},"modified":"2021-07-07T12:52:02","modified_gmt":"2021-07-07T10:52:02","slug":"dubai-per-italian-design-day-si-parla-di-expo-2020","status":"publish","type":"post","link":"https:\/\/www.esteri.it\/it\/sala_stampa\/archivionotizie\/retediplomatica\/2021\/07\/dubai-per-italian-design-day-si-parla-di-expo-2020\/","title":{"rendered":"Dubai: per Italian Design Day si parla di Expo 2020"},"content":{"rendered":"<div>\n<div>L\u2019 Ambasciata d\u2019Italia negli Emirati Arabi Uniti, in collaborazione con la American University di Dubai (AUD), il Consolato Generale a Dubai ed il Commissariato Generale per l\u2019Italia ad Expo 2020 Dubai, propone un webinar dal titolo \u201cTHE DESIGN OF BEAUTY: THE ITALIAN PAVILION AT EXPO 2020 DUBAI\u201d organizzato \u00a0in occasione della quinta edizione della rassegna \u201cItalian Design Day\u201d.\u00a0<\/div>\n<div>\u00a0<\/div>\n<div>Presentando l\u2019iniziativa che sar\u00e0 , introdotta dal Presidente dell\u2019AUD David Schmidt e moderata dalla Presidente del Dipartimento di Architettura Anna Cornaro, l\u2019Ambasciatore ad Abu Dhabi Nicola Lener ha spiegato che il seminario \u00e8 dedicato ai contenuti del percorso espositivo del Padiglione Italia ad Expo 2020 Dubai ed \u00e8 dedicato all\u2019architettura del Padiglione, opera degli Architetti Italo Rota e Giancarlo Ratti. In questo caso, quale \u201cAmbasciatore del design italiano\u201d \u00e8 stato designato Davide Rampello, curatore e Direttore artistico del Padiglione Italia. Dopo l\u2019illustrazione della filosofia che ispira la scelta del tema \u201cLa bellezza unisce le persone\u201d per la partecipazione italiana ad EXPO2020 e la concezione del nostro Padiglione, effettuata dal Commissario Generale Paolo Glisenti, Rampello ripercorrer\u00e0 la nascita del progetto artistico del Padiglione, ispirato ad un ideale di Bellezza che affonda le proprie radici nella filosofia greca e romana e che trascende la mera dimensione estetica per includere il buono, il vero ed il giusto (e che quindi racchiude la tensione etica e le capacit\u00e0 tecnologiche con cui l\u2019Italia ha contribuito nella sua storia e contribuisce ancor oggi all\u2019impegno dell\u2019umanit\u00e0 per affrontare le sfide globali).<\/div>\n<div>\u00a0<\/div>\n<\/div>\n<div>\n<div>Secondo \u00a0Rampello, questa premessa filologica, che si estende ai concetti di Progetto, di Viaggio e di Natura, \u00e8 essenziale per comprendere appieno il percorso narrativo del Padiglione, che prevede che i visitatori, percorrendo due rampe di scale mobili, salgano per iniziare la visita avendo una visione dall\u2019alto. La prima installazione sar\u00e0 il \u201cBelvedere\u201d, una costruzione alta 8 metri e larga 12 che richiama la cultura del Rinascimento ed in particolare il mondo di Cosimo de\u2019 Medici, nella cui volta sono scandite otto esedre che conterranno altrettanti schermi sui quali scorreranno immagini che racconteranno i territori italiani, firmate dal regista Gabriele Salvatores. Sul soffitto ci sar\u00e0 a sua volta uno schermo che mostrer\u00e0 i cieli italiani, e un altro schermo racconter\u00e0, in bianco e nero, l\u2019universo del saper fare italiano (dai satelliti ai violini, alle cravatte, al pane ai tipi di pasta).<\/div>\n<div>\u00a0<\/div>\n<\/div>\n<div>A seguire, ci saranno degli spazi che vedranno diverse mostre nel susseguirsi dei 6 mesi dell\u2019Esposizione Universale, fino allo spazio dedicato all\u2019innovazione: qui, in un anfiteatro, sar\u00e0 possibile vedere l\u2019innovazione delle acque, un orto ed un piccolo spazio dedicato alla coltura delle piante contro la desertificazione, veri e propri laboratori realizzati grazie alle ricerche e collaborazioni delle Universit\u00e0 e dei centri di ricerca italiani. Infine, il percorso si chiuder\u00e0 con il \u201cTeatro della Memoria\u201d, ispirato all\u2019arte di Escher ed alla cultura classica, dove all\u2019ingresso i visitatori saranno accolti da un canto di voci umane, da un mosaico che riprende le immagini della Cappella Palatina e dallo sguardo della riproduzione 3D del David di Michelangelo posto all\u2019interno di questo teatro. Il webinar si chiude con un\u2019interazione tra Rampello e gli studenti di Architettura dell\u2019AUD, che rappresenta anche una sorta di passaggio di testimone alle nuove generazioni del messaggio che l\u2019Italia intende lanciare ad Expo2020 Dubai.<\/div>\n","protected":false},"excerpt":{"rendered":"L\u2019 Ambasciata d\u2019Italia negli Emirati Arabi Uniti, in collaborazione con la American University di Dubai (AUD), il Consolato Generale a Dubai ed il Commissariato Generale per l\u2019Italia ad Expo 2020 Dubai, propone un webinar dal titolo \u201cTHE DESIGN OF BEAUTY: THE ITALIAN PAVILION AT EXPO 2020 DUBAI\u201d organizzato \u00a0in occasione della quinta edizione della rassegna [&hellip;]","protected":false},"author":1,"featured_media":0,"comment_status":"","ping_status":"","sticky":false,"template":"","format":"standard","meta":{"footnotes":""},"categories":[20],"tags":[3,312,6],"class_list":["post-58493","post","type-post","status-publish","format-standard","hentry","category-retediplomatica","tag-diplomazia-economica","tag-italian-design-day","tag-mediterraneo-e-medio-oriente"],"_links":{"self":[{"href":"https:\/\/www.esteri.it\/it\/wp-json\/wp\/v2\/posts\/58493","targetHints":{"allow":["GET"]}}],"collection":[{"href":"https:\/\/www.esteri.it\/it\/wp-json\/wp\/v2\/posts"}],"about":[{"href":"https:\/\/www.esteri.it\/it\/wp-json\/wp\/v2\/types\/post"}],"author":[{"embeddable":true,"href":"https:\/\/www.esteri.it\/it\/wp-json\/wp\/v2\/users\/1"}],"replies":[{"embeddable":true,"href":"https:\/\/www.esteri.it\/it\/wp-json\/wp\/v2\/comments?post=58493"}],"version-history":[{"count":0,"href":"https:\/\/www.esteri.it\/it\/wp-json\/wp\/v2\/posts\/58493\/revisions"}],"wp:attachment":[{"href":"https:\/\/www.esteri.it\/it\/wp-json\/wp\/v2\/media?parent=58493"}],"wp:term":[{"taxonomy":"category","embeddable":true,"href":"https:\/\/www.esteri.it\/it\/wp-json\/wp\/v2\/categories?post=58493"},{"taxonomy":"post_tag","embeddable":true,"href":"https:\/\/www.esteri.it\/it\/wp-json\/wp\/v2\/tags?post=58493"}],"curies":[{"name":"wp","href":"https:\/\/api.w.org\/{rel}","templated":true}]}}