{"id":58496,"date":"2021-07-06T17:18:26","date_gmt":"2021-07-06T15:18:26","guid":{"rendered":"https:\/\/www.esteri.it\/sala_stampa\/archivionotizie\/comunicati\/2021\/07\/vietnam-italian-design-day-webinar-su-rigenerazione-urbana\/"},"modified":"2021-07-06T17:18:26","modified_gmt":"2021-07-06T15:18:26","slug":"vietnam-italian-design-day-webinar-su-rigenerazione-urbana","status":"publish","type":"post","link":"https:\/\/www.esteri.it\/it\/sala_stampa\/archivionotizie\/retediplomatica\/2021\/07\/vietnam-italian-design-day-webinar-su-rigenerazione-urbana\/","title":{"rendered":"Vietnam; Italian Design Day, webinar su rigenerazione urbana"},"content":{"rendered":"<p>Un seminario online sull\u2019architettura e la sostenibilit\u00e0 nella rigenerazione urbana, in programma per l\u20198 e il 9 luglio, collegher\u00e0 professionisti, accademici e studenti in diverse citt\u00e0 d\u2019Italia e in Vietnam.\u00a0\u00a0\u00a0<\/p>\n<p>E\u2019 un\u2019iniziativa organizzata, fra gli altri, dall\u2019Ambasciata d\u2019Italia ad Hanoi in occasione della V edizione dell&#8217;\u2019Italian Design Day\u2019 che nel paese asiatico intende approfondire il tema della \u201cRigenerazione urbana\u201d e della \u201cTecnologia applicata alla conservazione del patrimonio culturale\u201d.\u00a0<\/p>\n<p>L&#8217;architetto Massimo Roj, fondatore di Progetto CMR, che quest&#8217;anno \u00e8 ambasciatore del design italiano in Vietnam, terr\u00e0 una presentazione online sul tema del webinar, l&#8217;architettura e la sostenibilit\u00e0 nella rigenerazione urbana, due concetti che sostiene attivamente da oltre tre decenni. In qualit\u00e0 di Ambasciatore del design sostenibile, Massimo Roj integra strategie sostenibili con l&#8217;obiettivo di creare un&#8217;architettura flessibile ed efficiente, utilizzando un approccio olistico basato sul motto &#8220;Less Ego More Eco&#8221;, meno interesse personale e pi\u00f9 benefici collettivi.\u00a0<\/p>\n<p>Il seminario si terr\u00e0 su Zoom, in traduzione simultanea inglese-vietnamita (ore 2-4.30 P.M), in contemporanea presso Hanoi, Ho Chi Minh City, Progetto CMR-Milano.\u00a0<\/p>\n<p>Link per la registrazione:\u00a0<a href=\"https:\/\/forms.gle\/MPc9aB9ZD9gThyDo6\" target=\"_blank\" rel=\"noopener noreferrer\">https:\/\/forms.gle\/MPc9aB9ZD9gThyDo6<\/a>\u00a0<\/p>\n<p>\u00a0<\/p>\n<p><img loading=\"lazy\" decoding=\"async\" src=\"https:\/\/www.esteri.it\/mae\/resource\/img\/2021\/07\/vietnam_design.jpg\" width=\"500\" height=\"714\" alt=\"vietnam design\" style=\"display: block; margin-left: auto; margin-right: auto;\" \/><\/p>\n","protected":false},"excerpt":{"rendered":"Un seminario online sull\u2019architettura e la sostenibilit\u00e0 nella rigenerazione urbana, in programma per l\u20198 e il 9 luglio, collegher\u00e0 professionisti, accademici e studenti in diverse citt\u00e0 d\u2019Italia e in Vietnam.\u00a0\u00a0\u00a0 E\u2019 un\u2019iniziativa organizzata, fra gli altri, dall\u2019Ambasciata d\u2019Italia ad Hanoi in occasione della V edizione dell&#8217;\u2019Italian Design Day\u2019 che nel paese asiatico intende approfondire il [&hellip;]","protected":false},"author":1,"featured_media":0,"comment_status":"","ping_status":"","sticky":false,"template":"","format":"standard","meta":{"footnotes":""},"categories":[20],"tags":[45,3,312],"class_list":["post-58496","post","type-post","status-publish","format-standard","hentry","category-retediplomatica","tag-asia-e-oceania","tag-diplomazia-economica","tag-italian-design-day"],"_links":{"self":[{"href":"https:\/\/www.esteri.it\/it\/wp-json\/wp\/v2\/posts\/58496","targetHints":{"allow":["GET"]}}],"collection":[{"href":"https:\/\/www.esteri.it\/it\/wp-json\/wp\/v2\/posts"}],"about":[{"href":"https:\/\/www.esteri.it\/it\/wp-json\/wp\/v2\/types\/post"}],"author":[{"embeddable":true,"href":"https:\/\/www.esteri.it\/it\/wp-json\/wp\/v2\/users\/1"}],"replies":[{"embeddable":true,"href":"https:\/\/www.esteri.it\/it\/wp-json\/wp\/v2\/comments?post=58496"}],"version-history":[{"count":0,"href":"https:\/\/www.esteri.it\/it\/wp-json\/wp\/v2\/posts\/58496\/revisions"}],"wp:attachment":[{"href":"https:\/\/www.esteri.it\/it\/wp-json\/wp\/v2\/media?parent=58496"}],"wp:term":[{"taxonomy":"category","embeddable":true,"href":"https:\/\/www.esteri.it\/it\/wp-json\/wp\/v2\/categories?post=58496"},{"taxonomy":"post_tag","embeddable":true,"href":"https:\/\/www.esteri.it\/it\/wp-json\/wp\/v2\/tags?post=58496"}],"curies":[{"name":"wp","href":"https:\/\/api.w.org\/{rel}","templated":true}]}}