{"id":58504,"date":"2021-07-05T12:10:14","date_gmt":"2021-07-05T10:10:14","guid":{"rendered":"https:\/\/www.esteri.it\/sala_stampa\/archivionotizie\/comunicati\/2021\/07\/italian-design-in-turchia-panel-e-workshop-l-8-luglio\/"},"modified":"2021-07-05T12:10:14","modified_gmt":"2021-07-05T10:10:14","slug":"italian-design-in-turchia-panel-e-workshop-l-8-luglio","status":"publish","type":"post","link":"https:\/\/www.esteri.it\/it\/sala_stampa\/archivionotizie\/retediplomatica\/2021\/07\/italian-design-in-turchia-panel-e-workshop-l-8-luglio\/","title":{"rendered":"Italian Design in Turchia, panel e workshop l&#8217;8 luglio"},"content":{"rendered":"<p>In occasione della quinta edizione della rassegna \u201cItalian Design Days\u201d, in Turchia \u00e8 in corso\u00a0\u00a0\u201cLe nuove sfide per la ripartenza sostenibile del Made in Italy\u201d, un\u2019iniziativa, che si concluder\u00e0 l\u20198 luglio, nata dalla collaborazione tra il Sistema Italia in Turchia (Ambasciata d\u2019Italia ad Ankara, Consolato Generale di Istanbul, Consolato di Izmir, Istituto Italiano di Cultura e Agenzia ICE), Bili\u015fim Vadisi e Istituto Europeo del Design di Milano. Obiettivi dell\u2019evento sono sia la promozione nelle varie declinazioni del design italiano e del Made in Italy, in un contesto da sempre ricco di opportunit\u00e0 per il nostro Paese sia la sollecitazione all\u2019interazione tra imprese, studiosi, esperti ed associazioni di categoria attive tra Italia e Turchia in tutti i settori dove il design pu\u00f2 essere applicato e trovare espressione come eccellenza.\u00a0<\/p>\n<p>L\u2019Istituto Italiano di Cultura il 29 giugno ha aperto l\u2019evento per il grande pubblico con tre giorni di cortometraggi e film dedicati ai grandi maestri del design italiano, da Gio Ponti, Tobia Scarpa, Antonio Aric\u00f2, Ettore Sottsass a Lina Bo Bardi. La rassegna \u00e8 stata curata da Milano Design Film Festival (MDFF) e si \u00e8 conclusa con un webinar cui hanno partecipato la curatrice del MDFF Silvia Robertazzi e il noto architetto Carlo Gandolfi.\u00a0<\/p>\n<p>L\u20198 luglio relatori di fama internazionale italiani e turchi si alterneranno in panel e workshop riguardanti le pi\u00f9 varie sfaccettature del design, dell\u2019architettura e della moda, curati dal Prof. Luca Molinari e dalla Professoressa Pinar Sipahi. In particolare, ampio spazio sar\u00e0 dedicato all&#8217;architettura, al design industriale, all\u2019interior design, con un occhio di riguardo all\u2019efficienza energetica, ai nuovi materiali, alla domotica casalinga, sino all\u2019accessoristica pi\u00f9 specifica. Un workshop analizzer\u00e0 poi le tematiche relative alla Citt\u00e0 del futuro e alla mobilit\u00e0 del futuro. Infine, in linea con l\u2019importanza del settore in Turchia, diversi momenti saranno dedicati al fashion design \u2013 da tessile e abbigliamento sino a make-up e fotografia.\u00a0<\/p>\n<p>L\u2019evento, trasmesso interamente on line, sar\u00e0 realizzato parzialmente anche in presenza, con collegamenti dei moderatori da alcune delle location pi\u00f9 prestigiose e suggestive di Istanbul: Galata, Bosforo ed Istituto Italiano di Cultura tra le altre.\u00a0<\/p>\n","protected":false},"excerpt":{"rendered":"In occasione della quinta edizione della rassegna \u201cItalian Design Days\u201d, in Turchia \u00e8 in corso\u00a0\u00a0\u201cLe nuove sfide per la ripartenza sostenibile del Made in Italy\u201d, un\u2019iniziativa, che si concluder\u00e0 l\u20198 luglio, nata dalla collaborazione tra il Sistema Italia in Turchia (Ambasciata d\u2019Italia ad Ankara, Consolato Generale di Istanbul, Consolato di Izmir, Istituto Italiano di Cultura [&hellip;]","protected":false},"author":1,"featured_media":0,"comment_status":"","ping_status":"","sticky":false,"template":"","format":"standard","meta":{"footnotes":""},"categories":[20],"tags":[45,32,312],"class_list":["post-58504","post","type-post","status-publish","format-standard","hentry","category-retediplomatica","tag-asia-e-oceania","tag-diplomazia-culturale","tag-italian-design-day"],"_links":{"self":[{"href":"https:\/\/www.esteri.it\/it\/wp-json\/wp\/v2\/posts\/58504","targetHints":{"allow":["GET"]}}],"collection":[{"href":"https:\/\/www.esteri.it\/it\/wp-json\/wp\/v2\/posts"}],"about":[{"href":"https:\/\/www.esteri.it\/it\/wp-json\/wp\/v2\/types\/post"}],"author":[{"embeddable":true,"href":"https:\/\/www.esteri.it\/it\/wp-json\/wp\/v2\/users\/1"}],"replies":[{"embeddable":true,"href":"https:\/\/www.esteri.it\/it\/wp-json\/wp\/v2\/comments?post=58504"}],"version-history":[{"count":0,"href":"https:\/\/www.esteri.it\/it\/wp-json\/wp\/v2\/posts\/58504\/revisions"}],"wp:attachment":[{"href":"https:\/\/www.esteri.it\/it\/wp-json\/wp\/v2\/media?parent=58504"}],"wp:term":[{"taxonomy":"category","embeddable":true,"href":"https:\/\/www.esteri.it\/it\/wp-json\/wp\/v2\/categories?post=58504"},{"taxonomy":"post_tag","embeddable":true,"href":"https:\/\/www.esteri.it\/it\/wp-json\/wp\/v2\/tags?post=58504"}],"curies":[{"name":"wp","href":"https:\/\/api.w.org\/{rel}","templated":true}]}}