{"id":58518,"date":"2021-06-29T11:37:14","date_gmt":"2021-06-29T09:37:14","guid":{"rendered":"https:\/\/www.esteri.it\/sala_stampa\/archivionotizie\/comunicati\/2021\/06\/lucerna-giovanni-allevi-in-concerto\/"},"modified":"2021-06-29T11:37:14","modified_gmt":"2021-06-29T09:37:14","slug":"lucerna-giovanni-allevi-in-concerto","status":"publish","type":"post","link":"https:\/\/www.esteri.it\/it\/sala_stampa\/archivionotizie\/retediplomatica\/2021\/06\/lucerna-giovanni-allevi-in-concerto\/","title":{"rendered":"Lucerna: Giovanni Allevi in concerto"},"content":{"rendered":"<div>\n<p>L\u2019Istituto Italiano di Cultura di Zurigo presenta un concerto di Giovanni Allevi. Il 7 luglio, presso Luzerner Saal di Lucerna, il giovane e affermato pianista, tra i maggiori compositori dell\u2019attuale panorama internazionale,\u00a0offrir\u00e0 il suo repertorio pi\u00f9 celebre ma anche brani del nuovo album Hope.<\/p>\n<p>L\u2019enfant terrible che ha lasciato annichilito il mondo accademico con il suo straordinario talento e carisma \u00e8 entrato, da subito, nell\u2019immaginario collettivo delle nuove generazioni e continua a sorprendere con i suoi concerti.\u00a0Jeans, T-shirt, scarpe da ginnastica. \u00c8 cos\u00ec che\u00a0 Giovanni Allevi va incontro al suo pubblico nei teatri pi\u00f9 prestigiosi del mondo, dalla Carnegie Hall di New York all\u2019Auditorium della Citt\u00e0 Proibita di Pechino. Da vero innovatore, il suo intento estetico \u00e8 quello di gettare le basi di una nuova Musica Classica Contemporanea, dove le forme complesse della classicit\u00e0 inglobano contenuti appartenenti alla vita attorno a noi, adesso. Nonostante i suoi diplomi in Pianoforte e Composizione col massimo dei voti e la sua laurea con Lode in Filosofia, presenta una personalit\u00e0 candida assai vicina all\u2019indole infantile, anche se a tratti emerge tutta la sua statura accademica.\u00a0 Il pubblico, trasversale, di tutte le et\u00e0 e nazionalit\u00e0 lo segue con instancabile entusiasmo nelle sue numerose tourn\u00e9e, trasformando i teatri in arene degne di una rockstar. Recentemente l\u2019Agenzia Spaziale americana NASA gli ha intitolato un asteroide: giovanniallevi111561.<\/p>\n<\/div>\n<p><img decoding=\"async\" src=\"https:\/\/www.esteri.it\/mae\/resource\/img\/2021\/06\/lucerna.jpg\" alt=\"lucerna\" style=\"display: block; margin-left: auto; margin-right: auto;\" \/><\/p>\n","protected":false},"excerpt":{"rendered":"L\u2019Istituto Italiano di Cultura di Zurigo presenta un concerto di Giovanni Allevi. Il 7 luglio, presso Luzerner Saal di Lucerna, il giovane e affermato pianista, tra i maggiori compositori dell\u2019attuale panorama internazionale,\u00a0offrir\u00e0 il suo repertorio pi\u00f9 celebre ma anche brani del nuovo album Hope. L\u2019enfant terrible che ha lasciato annichilito il mondo accademico con il [&hellip;]","protected":false},"author":1,"featured_media":0,"comment_status":"","ping_status":"","sticky":false,"template":"","format":"standard","meta":{"footnotes":""},"categories":[20],"tags":[32,9],"class_list":["post-58518","post","type-post","status-publish","format-standard","hentry","category-retediplomatica","tag-diplomazia-culturale","tag-europa"],"_links":{"self":[{"href":"https:\/\/www.esteri.it\/it\/wp-json\/wp\/v2\/posts\/58518","targetHints":{"allow":["GET"]}}],"collection":[{"href":"https:\/\/www.esteri.it\/it\/wp-json\/wp\/v2\/posts"}],"about":[{"href":"https:\/\/www.esteri.it\/it\/wp-json\/wp\/v2\/types\/post"}],"author":[{"embeddable":true,"href":"https:\/\/www.esteri.it\/it\/wp-json\/wp\/v2\/users\/1"}],"replies":[{"embeddable":true,"href":"https:\/\/www.esteri.it\/it\/wp-json\/wp\/v2\/comments?post=58518"}],"version-history":[{"count":0,"href":"https:\/\/www.esteri.it\/it\/wp-json\/wp\/v2\/posts\/58518\/revisions"}],"wp:attachment":[{"href":"https:\/\/www.esteri.it\/it\/wp-json\/wp\/v2\/media?parent=58518"}],"wp:term":[{"taxonomy":"category","embeddable":true,"href":"https:\/\/www.esteri.it\/it\/wp-json\/wp\/v2\/categories?post=58518"},{"taxonomy":"post_tag","embeddable":true,"href":"https:\/\/www.esteri.it\/it\/wp-json\/wp\/v2\/tags?post=58518"}],"curies":[{"name":"wp","href":"https:\/\/api.w.org\/{rel}","templated":true}]}}