{"id":58521,"date":"2021-06-28T12:58:27","date_gmt":"2021-06-28T10:58:27","guid":{"rendered":"https:\/\/www.esteri.it\/sala_stampa\/archivionotizie\/comunicati\/2021\/06\/zagabria-back-to-dance-con-la-compagnia-di-danza-kataklo\/"},"modified":"2021-06-28T12:58:27","modified_gmt":"2021-06-28T10:58:27","slug":"zagabria-back-to-dance-con-la-compagnia-di-danza-kataklo","status":"publish","type":"post","link":"https:\/\/www.esteri.it\/it\/sala_stampa\/archivionotizie\/retediplomatica\/2021\/06\/zagabria-back-to-dance-con-la-compagnia-di-danza-kataklo\/","title":{"rendered":"Zagabria: \u201cBack to Dance\u201d con la compagnia di danza Katakl\u00f2"},"content":{"rendered":"<p>Nell&#8217;ambito dell&#8217;International Children&#8217;s Festival di Zagabria, l\u2019Istituto Italiano di Cultura propone, il 3 luglio davanti alla cattedrale di Sebenico e il 4 luglio nel teatro di Zagabria, \u2018Back to Dance\u2019. Lo spettacolo segna il ritorno sul palcoscenico degli straordinari danzatori di Katakl\u00f2 Athletic Theatre, la compagnia italiana di danza acrobatica fondata nel 1996 il cui nome, Katakl\u00f2, viene dal greco antico e significa &#8220;io ballo piegandomi e contorcendomi&#8221;.<\/p>\n<p>Lo stile di Katakl\u00f2 si basa sulla preparazione atletica e sulla tecnica di danza degli interpreti, che praticano un impegnativo allenamento fisico. Giocando con l\u2019ironia, con l\u2019energia e con l\u2019intensit\u00e0 proprie dello stile Katakl\u00f2, Back to Dance d\u00e0 voce ai desideri e ai bisogni con cui spesso, ultimamente, ci siamo dovuti confrontare: il camminare liberi tra la gente, facendosi trasportare dal flusso, il sentirsi parte di un tutto che si muove con decisione nella stessa direzione rimanendo solido nonostante le difficolt\u00e0, un abbraccio, delicato o scontroso, purch\u00e9 sia fisico, il ritrovarsi a una festa e scatenarsi senza pensieri. Tutto quello che eravamo sembra essere stato messo in pausa, immobile, come in una vecchia fotografia, ma Katakl\u00f2 decide di schiacciare play e di ricominciare con pi\u00f9 energia di prima. L\u2019atletismo e la poesia che hanno reso la compagnia ambasciatrice del Made in Italy nel mondo, tornano sulle scene ad ammaliare e a diffondere vitalit\u00e0 grazie anche alla direzione artistica di Giulia Staccioli, finalista olimpica di ginnastica ritmica a Los Angeles 1984 e Seul 1988.<\/p>\n<p>\u00a0<\/p>\n<p><img loading=\"lazy\" decoding=\"async\" src=\"https:\/\/www.esteri.it\/mae\/resource\/img\/2021\/06\/zagabria_kataklo.jpg\" width=\"500\" height=\"708\" alt=\"zagabria kataklo\" style=\"display: block; margin-left: auto; margin-right: auto;\" \/><\/p>\n<p>\u00a0<\/p>\n","protected":false},"excerpt":{"rendered":"Nell&#8217;ambito dell&#8217;International Children&#8217;s Festival di Zagabria, l\u2019Istituto Italiano di Cultura propone, il 3 luglio davanti alla cattedrale di Sebenico e il 4 luglio nel teatro di Zagabria, \u2018Back to Dance\u2019. Lo spettacolo segna il ritorno sul palcoscenico degli straordinari danzatori di Katakl\u00f2 Athletic Theatre, la compagnia italiana di danza acrobatica fondata nel 1996 il cui [&hellip;]","protected":false},"author":1,"featured_media":0,"comment_status":"","ping_status":"","sticky":false,"template":"","format":"standard","meta":{"footnotes":""},"categories":[20],"tags":[32,9],"class_list":["post-58521","post","type-post","status-publish","format-standard","hentry","category-retediplomatica","tag-diplomazia-culturale","tag-europa"],"_links":{"self":[{"href":"https:\/\/www.esteri.it\/it\/wp-json\/wp\/v2\/posts\/58521","targetHints":{"allow":["GET"]}}],"collection":[{"href":"https:\/\/www.esteri.it\/it\/wp-json\/wp\/v2\/posts"}],"about":[{"href":"https:\/\/www.esteri.it\/it\/wp-json\/wp\/v2\/types\/post"}],"author":[{"embeddable":true,"href":"https:\/\/www.esteri.it\/it\/wp-json\/wp\/v2\/users\/1"}],"replies":[{"embeddable":true,"href":"https:\/\/www.esteri.it\/it\/wp-json\/wp\/v2\/comments?post=58521"}],"version-history":[{"count":0,"href":"https:\/\/www.esteri.it\/it\/wp-json\/wp\/v2\/posts\/58521\/revisions"}],"wp:attachment":[{"href":"https:\/\/www.esteri.it\/it\/wp-json\/wp\/v2\/media?parent=58521"}],"wp:term":[{"taxonomy":"category","embeddable":true,"href":"https:\/\/www.esteri.it\/it\/wp-json\/wp\/v2\/categories?post=58521"},{"taxonomy":"post_tag","embeddable":true,"href":"https:\/\/www.esteri.it\/it\/wp-json\/wp\/v2\/tags?post=58521"}],"curies":[{"name":"wp","href":"https:\/\/api.w.org\/{rel}","templated":true}]}}