{"id":58522,"date":"2021-06-28T12:27:10","date_gmt":"2021-06-28T10:27:10","guid":{"rendered":"https:\/\/www.esteri.it\/sala_stampa\/archivionotizie\/comunicati\/2021\/06\/vancouver-pianista-roberto-greco-in-concerto\/"},"modified":"2021-06-28T12:27:10","modified_gmt":"2021-06-28T10:27:10","slug":"vancouver-pianista-roberto-greco-in-concerto","status":"publish","type":"post","link":"https:\/\/www.esteri.it\/it\/sala_stampa\/archivionotizie\/retediplomatica\/2021\/06\/vancouver-pianista-roberto-greco-in-concerto\/","title":{"rendered":"Vancouver: pianista Roberto Greco in concerto"},"content":{"rendered":"<p>L\u2019Italia, grazie all\u2019impegno dell&#8217;Istituto Italiano di Cultura di Toronto, partecipa al Vancouver International Jazz Festival con tre concerti del pianista Roberto Greco.\u00a0 I concerti online, trasmessi il 3 luglio sul canale\u00a0 YouTube di Coastal Jazz, saranno disponibili fino al 6 luglio. Il pianista e compositore Roberto Greco \u00e8 nato a Torino ed \u00e8 cresciuto a Kinshasa, ha studiato a Chamb\u00e9ry e poi a Parigi. E\u2019 compositore visionario e malizioso e la sua opera si nutre di incontri con altri artisti. Per l\u2019occasione collaborer\u00e0 con il gruppo musicale Tricollectif, con il sassofonista Emile Parisiene ne Les Metanuits, adattamento\u00a0 giocoso del primo quartetto d&#8217;archi di Gy\u00f6rgy Ligeti, Les M\u00e9tamorphoses Nocturnes. Infine per Papier Ciseau suoner\u00e0 anche con Michele Rabbia e Valentin Ceccaldi.<\/p>\n<p>\u00a0<\/p>\n<p><img loading=\"lazy\" decoding=\"async\" src=\"https:\/\/www.esteri.it\/mae\/resource\/img\/2021\/06\/vaancouver_greco.jpg\" width=\"625\" height=\"500\" alt=\"vaancouver greco\" style=\"display: block; margin-left: auto; margin-right: auto;\" \/><\/p>\n","protected":false},"excerpt":{"rendered":"L\u2019Italia, grazie all\u2019impegno dell&#8217;Istituto Italiano di Cultura di Toronto, partecipa al Vancouver International Jazz Festival con tre concerti del pianista Roberto Greco.\u00a0 I concerti online, trasmessi il 3 luglio sul canale\u00a0 YouTube di Coastal Jazz, saranno disponibili fino al 6 luglio. Il pianista e compositore Roberto Greco \u00e8 nato a Torino ed \u00e8 cresciuto a [&hellip;]","protected":false},"author":1,"featured_media":0,"comment_status":"","ping_status":"","sticky":false,"template":"","format":"standard","meta":{"footnotes":""},"categories":[20],"tags":[397,32],"class_list":["post-58522","post","type-post","status-publish","format-standard","hentry","category-retediplomatica","tag-america-settentrionale","tag-diplomazia-culturale"],"_links":{"self":[{"href":"https:\/\/www.esteri.it\/it\/wp-json\/wp\/v2\/posts\/58522","targetHints":{"allow":["GET"]}}],"collection":[{"href":"https:\/\/www.esteri.it\/it\/wp-json\/wp\/v2\/posts"}],"about":[{"href":"https:\/\/www.esteri.it\/it\/wp-json\/wp\/v2\/types\/post"}],"author":[{"embeddable":true,"href":"https:\/\/www.esteri.it\/it\/wp-json\/wp\/v2\/users\/1"}],"replies":[{"embeddable":true,"href":"https:\/\/www.esteri.it\/it\/wp-json\/wp\/v2\/comments?post=58522"}],"version-history":[{"count":0,"href":"https:\/\/www.esteri.it\/it\/wp-json\/wp\/v2\/posts\/58522\/revisions"}],"wp:attachment":[{"href":"https:\/\/www.esteri.it\/it\/wp-json\/wp\/v2\/media?parent=58522"}],"wp:term":[{"taxonomy":"category","embeddable":true,"href":"https:\/\/www.esteri.it\/it\/wp-json\/wp\/v2\/categories?post=58522"},{"taxonomy":"post_tag","embeddable":true,"href":"https:\/\/www.esteri.it\/it\/wp-json\/wp\/v2\/tags?post=58522"}],"curies":[{"name":"wp","href":"https:\/\/api.w.org\/{rel}","templated":true}]}}