{"id":58545,"date":"2021-06-18T14:06:54","date_gmt":"2021-06-18T12:06:54","guid":{"rendered":"https:\/\/www.esteri.it\/sala_stampa\/archivionotizie\/comunicati\/2021\/06\/madrid-il-design-un-viaggio-tra-italia-e-spagna_0\/"},"modified":"2021-06-18T14:06:54","modified_gmt":"2021-06-18T12:06:54","slug":"madrid-il-design-un-viaggio-tra-italia-e-spagna_0","status":"publish","type":"post","link":"https:\/\/www.esteri.it\/it\/sala_stampa\/archivionotizie\/retediplomatica\/2021\/06\/madrid-il-design-un-viaggio-tra-italia-e-spagna_0\/","title":{"rendered":"Madrid,  &#8220;Il Design. Un viaggio tra Italia e Spagna&#8221;"},"content":{"rendered":"<p>L\u2019Ambasciata d&#8217;Italia a Madrid annuncia l\u2019inaugurazione della mostra \u2018Il Design. Un viaggio tra Italia e Spagna\u2019, in programma dal 21 al 30 giugno presso l\u2019Istituto Italiano di Cultura di Madrid. E\u2019 un evento culturale che si inserisce nell&#8217;ambito dell&#8217;iniziativa ITmakES (Italy and Spain making together) ed \u00e8 in programma a conclusione della II edizione del concorso sul design promosso dalla stessa Ambasciata in collaborazione con la rivista Interni Magazine, il Colegio Oficial de Arquitectos di Madrid (COAM), l\u2019Associazione Designer di Madrid (DIMAD) e l\u2019Associazione del Design Industriale e Promozione delle Arti e del Design di Barcellona (ADI-FAD).<\/p>\n<p>Presso il teatro dell\u2019Istituto Italiano di Cultura, inoltre, il prossimo 23 giugno verr\u00e0 annunciato il tema della terza edizione del concorso; seguir\u00e0 un dibattito (in lingua spagnola) su sostenibilit\u00e0, economia circolare e design. Per registrare la presenza che per esigenze sanitarie \u00e8 limitata, contattare: <a href=\"mailto:segrecomm.ambmadrid@esteri.it.\">segrecomm.ambmadrid@esteri.it.<\/a>\u00a0<\/p>\n<p>L\u2019iniziativa \u201cITmakES\u201d\u00a0 \u00e8 un insieme di progetti ideati e promossi dall\u2019Ambasciata d\u2019Italia a Madrid dal 2017 per sviluppare nuovi canali di dialogo tra l\u2019Italia e la Spagna nei settori in cui la relazione bilaterale a livello di societ\u00e0 civile \u00e8 pi\u00f9 viva e dinamica, come quello dell\u2019arte, del design e della cultura enogastronomica.\u00a0<\/p>\n<p><img loading=\"lazy\" decoding=\"async\" src=\"https:\/\/www.esteri.it\/mae\/resource\/img\/2021\/06\/madrid.jpg\" alt=\"madrid\" style=\"display: block; margin-left: auto; margin-right: auto;\" width=\"600\" height=\"600\" \/><\/p>\n","protected":false},"excerpt":{"rendered":"L\u2019Ambasciata d&#8217;Italia a Madrid annuncia l\u2019inaugurazione della mostra \u2018Il Design. Un viaggio tra Italia e Spagna\u2019, in programma dal 21 al 30 giugno presso l\u2019Istituto Italiano di Cultura di Madrid. E\u2019 un evento culturale che si inserisce nell&#8217;ambito dell&#8217;iniziativa ITmakES (Italy and Spain making together) ed \u00e8 in programma a conclusione della II edizione del [&hellip;]","protected":false},"author":1,"featured_media":0,"comment_status":"","ping_status":"","sticky":false,"template":"","format":"standard","meta":{"footnotes":""},"categories":[20],"tags":[3,9],"class_list":["post-58545","post","type-post","status-publish","format-standard","hentry","category-retediplomatica","tag-diplomazia-economica","tag-europa"],"_links":{"self":[{"href":"https:\/\/www.esteri.it\/it\/wp-json\/wp\/v2\/posts\/58545","targetHints":{"allow":["GET"]}}],"collection":[{"href":"https:\/\/www.esteri.it\/it\/wp-json\/wp\/v2\/posts"}],"about":[{"href":"https:\/\/www.esteri.it\/it\/wp-json\/wp\/v2\/types\/post"}],"author":[{"embeddable":true,"href":"https:\/\/www.esteri.it\/it\/wp-json\/wp\/v2\/users\/1"}],"replies":[{"embeddable":true,"href":"https:\/\/www.esteri.it\/it\/wp-json\/wp\/v2\/comments?post=58545"}],"version-history":[{"count":0,"href":"https:\/\/www.esteri.it\/it\/wp-json\/wp\/v2\/posts\/58545\/revisions"}],"wp:attachment":[{"href":"https:\/\/www.esteri.it\/it\/wp-json\/wp\/v2\/media?parent=58545"}],"wp:term":[{"taxonomy":"category","embeddable":true,"href":"https:\/\/www.esteri.it\/it\/wp-json\/wp\/v2\/categories?post=58545"},{"taxonomy":"post_tag","embeddable":true,"href":"https:\/\/www.esteri.it\/it\/wp-json\/wp\/v2\/tags?post=58545"}],"curies":[{"name":"wp","href":"https:\/\/api.w.org\/{rel}","templated":true}]}}