{"id":58555,"date":"2021-06-15T15:25:36","date_gmt":"2021-06-15T13:25:36","guid":{"rendered":"https:\/\/www.esteri.it\/sala_stampa\/archivionotizie\/comunicati\/2021\/06\/copenaghen-la-danimarca-negli-scatti-di-ugo-mulas\/"},"modified":"2021-06-15T15:25:36","modified_gmt":"2021-06-15T13:25:36","slug":"copenaghen-la-danimarca-negli-scatti-di-ugo-mulas","status":"publish","type":"post","link":"https:\/\/www.esteri.it\/it\/sala_stampa\/archivionotizie\/retediplomatica\/2021\/06\/copenaghen-la-danimarca-negli-scatti-di-ugo-mulas\/","title":{"rendered":"Copenaghen: la Danimarca negli scatti di Ugo Mulas"},"content":{"rendered":"<p>L\u2019Istituto Italiano di Cultura di Copenaghen, in collaborazione con l\u2019Archivio Ugo Mulas e IMF Foundation, presenta la mostra fotografica \u2018Danimarca 1961\u2019 dedicata ad uno degli artisti pi\u00f9 importanti del secondo Novecento italiano, Ugo Mulas.<\/p>\n<p>Il fotografo comincia la sua professione negli anni Cinquanta a Milano ritraendo in parallelo la periferia operaia col suo carico di problemi e la scena artistica, ricca di personalit\u00e0 emergenti come Lucio Fontana e Piero Manzoni. Intorno al 1960 il \u201cmiracolo economico\u201d italiano porta tra i suoi effetti la proliferazione di riviste di qualit\u00e0 patrocinate da colossi industriali come Pirelli e da grandi case editrici come Garzanti, il cui fiore all\u2019occhiello fu \u201cL\u2019Illustrazione Italiana\u201d.<\/p>\n<p>Mulas lavorer\u00e0 stabilmente per questa rivista e, nel giugno del 1961, verr\u00e0 incaricato di un reportage in Danimarca, Paese che definir\u00e0 \u201csereno\u201d rispetto al suo e del quale coglie lo spirito nei pi\u00f9 vari aspetti, dalla vita quotidiana alle eccellenze culturali. Soprattutto viene attratto dal fenomeno del design, e rimane affascinato dal Louisiana Museum of Modern Art. Da allora Mulas concentrer\u00e0 il suo interesse sugli artisti d\u2019avanguardia, sul loro operare pi\u00f9 che sulle loro opere: Steinberg, Calder, Rauschenberg, Warhol e tanti altri, consegnati alla storia dai suoi scatti. La mostra rester\u00e0 aperta a Copenaghen fino al 20 agosto.<\/p>\n<p><img loading=\"lazy\" decoding=\"async\" src=\"https:\/\/www.esteri.it\/mae\/resource\/img\/2021\/06\/copenaghen.png\" width=\"750\" height=\"766\" alt=\"copenaghen\" style=\"display: block; margin-left: auto; margin-right: auto;\" \/><\/p>\n","protected":false},"excerpt":{"rendered":"L\u2019Istituto Italiano di Cultura di Copenaghen, in collaborazione con l\u2019Archivio Ugo Mulas e IMF Foundation, presenta la mostra fotografica \u2018Danimarca 1961\u2019 dedicata ad uno degli artisti pi\u00f9 importanti del secondo Novecento italiano, Ugo Mulas. Il fotografo comincia la sua professione negli anni Cinquanta a Milano ritraendo in parallelo la periferia operaia col suo carico di [&hellip;]","protected":false},"author":1,"featured_media":0,"comment_status":"","ping_status":"","sticky":false,"template":"","format":"standard","meta":{"footnotes":""},"categories":[20],"tags":[32,9],"class_list":["post-58555","post","type-post","status-publish","format-standard","hentry","category-retediplomatica","tag-diplomazia-culturale","tag-europa"],"_links":{"self":[{"href":"https:\/\/www.esteri.it\/it\/wp-json\/wp\/v2\/posts\/58555","targetHints":{"allow":["GET"]}}],"collection":[{"href":"https:\/\/www.esteri.it\/it\/wp-json\/wp\/v2\/posts"}],"about":[{"href":"https:\/\/www.esteri.it\/it\/wp-json\/wp\/v2\/types\/post"}],"author":[{"embeddable":true,"href":"https:\/\/www.esteri.it\/it\/wp-json\/wp\/v2\/users\/1"}],"replies":[{"embeddable":true,"href":"https:\/\/www.esteri.it\/it\/wp-json\/wp\/v2\/comments?post=58555"}],"version-history":[{"count":0,"href":"https:\/\/www.esteri.it\/it\/wp-json\/wp\/v2\/posts\/58555\/revisions"}],"wp:attachment":[{"href":"https:\/\/www.esteri.it\/it\/wp-json\/wp\/v2\/media?parent=58555"}],"wp:term":[{"taxonomy":"category","embeddable":true,"href":"https:\/\/www.esteri.it\/it\/wp-json\/wp\/v2\/categories?post=58555"},{"taxonomy":"post_tag","embeddable":true,"href":"https:\/\/www.esteri.it\/it\/wp-json\/wp\/v2\/tags?post=58555"}],"curies":[{"name":"wp","href":"https:\/\/api.w.org\/{rel}","templated":true}]}}