{"id":58561,"date":"2021-06-14T16:35:33","date_gmt":"2021-06-14T14:35:33","guid":{"rendered":"https:\/\/www.esteri.it\/sala_stampa\/archivionotizie\/comunicati\/2021\/06\/olanda-bajani-presenta-romanzo-a-notte-della-letteratura\/"},"modified":"2021-06-14T16:35:33","modified_gmt":"2021-06-14T14:35:33","slug":"olanda-bajani-presenta-romanzo-a-notte-della-letteratura","status":"publish","type":"post","link":"https:\/\/www.esteri.it\/it\/sala_stampa\/archivionotizie\/retediplomatica\/2021\/06\/olanda-bajani-presenta-romanzo-a-notte-della-letteratura\/","title":{"rendered":"Olanda, Bajani presenta romanzo a \u201cNotte della letteratura\u201d"},"content":{"rendered":"<p>L\u2019Istituto italiano di Cultura di Amsterdam partecipa\u00a0alla\u00a0<i>Notte della letteratura europea<\/i>, un progetto di EUNIC Netherlands (la associazione degli Istituti di cultura europei nei Paesi Bassi) che riunisce autori famosi e promettenti talenti letterari provenienti da numerosi paesi europei.<\/p>\n<p>Una dozzina di scrittori e poeti provenienti da diversi paesi del continente rifletter\u00e0 sul tema centrale di quest&#8217;anno: il coraggio dello scrittore. Per l\u2019Italia alla\u00a0<i>Notte della letteratura europea<\/i>\u00a02021, che sara\u2019 trasmessa in livestream, parteciper\u00e0 Andrea Bajani, scrittore di successo appena entrato nella cinquina del Premio Strega con il suo \u201cIl libro delle case\u201d. Per gli altri paesi europei sono presenti Olivia Wenzel (DE), Elia Barcel\u00f3 (ES), Ramunas Bogdanas (LT), Maarja Kangro (EE), Laurent Petitmangin (FR), Monique Roffey (UK\/TT), Christoph Schneeberger (CH), Jan \u0160krob (CZ), Moni Stanila (RO), Max Temmerman (BE) e Bo\u0161tjan Videm\u0161ek (SI).<\/p>\n<p>Gli incontri saranno moderati da Margot Dijkgraaf, critica letteraria, e Guido Snel, scrittore e professore di Studi Europei all\u2019Universita\u2019 di Amsterdam. L\u2019appuntamento e\u2019 per sabato 19 giugno alle ore 20.00 a\u00a0<a href=\"https:\/\/debalie.nl\/programma\/european-literature-night-2021-19-06-2021\/\">questo link<\/a>.<\/p>\n<p><img loading=\"lazy\" decoding=\"async\" src=\"https:\/\/www.esteri.it\/mae\/resource\/img\/2021\/06\/amsterdam.jpg\" alt=\"amsterdam\" style=\"display: block; margin-left: auto; margin-right: auto;\" width=\"600\" height=\"223\" \/><\/p>\n","protected":false},"excerpt":{"rendered":"L\u2019Istituto italiano di Cultura di Amsterdam partecipa\u00a0alla\u00a0Notte della letteratura europea, un progetto di EUNIC Netherlands (la associazione degli Istituti di cultura europei nei Paesi Bassi) che riunisce autori famosi e promettenti talenti letterari provenienti da numerosi paesi europei. Una dozzina di scrittori e poeti provenienti da diversi paesi del continente rifletter\u00e0 sul tema centrale di [&hellip;]","protected":false},"author":1,"featured_media":0,"comment_status":"","ping_status":"","sticky":false,"template":"","format":"standard","meta":{"footnotes":""},"categories":[20],"tags":[32,9],"class_list":["post-58561","post","type-post","status-publish","format-standard","hentry","category-retediplomatica","tag-diplomazia-culturale","tag-europa"],"_links":{"self":[{"href":"https:\/\/www.esteri.it\/it\/wp-json\/wp\/v2\/posts\/58561","targetHints":{"allow":["GET"]}}],"collection":[{"href":"https:\/\/www.esteri.it\/it\/wp-json\/wp\/v2\/posts"}],"about":[{"href":"https:\/\/www.esteri.it\/it\/wp-json\/wp\/v2\/types\/post"}],"author":[{"embeddable":true,"href":"https:\/\/www.esteri.it\/it\/wp-json\/wp\/v2\/users\/1"}],"replies":[{"embeddable":true,"href":"https:\/\/www.esteri.it\/it\/wp-json\/wp\/v2\/comments?post=58561"}],"version-history":[{"count":0,"href":"https:\/\/www.esteri.it\/it\/wp-json\/wp\/v2\/posts\/58561\/revisions"}],"wp:attachment":[{"href":"https:\/\/www.esteri.it\/it\/wp-json\/wp\/v2\/media?parent=58561"}],"wp:term":[{"taxonomy":"category","embeddable":true,"href":"https:\/\/www.esteri.it\/it\/wp-json\/wp\/v2\/categories?post=58561"},{"taxonomy":"post_tag","embeddable":true,"href":"https:\/\/www.esteri.it\/it\/wp-json\/wp\/v2\/tags?post=58561"}],"curies":[{"name":"wp","href":"https:\/\/api.w.org\/{rel}","templated":true}]}}