{"id":58565,"date":"2021-06-11T13:52:25","date_gmt":"2021-06-11T11:52:25","guid":{"rendered":"https:\/\/www.esteri.it\/sala_stampa\/archivionotizie\/comunicati\/2021\/06\/lussemburgo-lo-spettacolo-ma-va-all-inferno-dante\/"},"modified":"2021-06-11T13:52:25","modified_gmt":"2021-06-11T11:52:25","slug":"lussemburgo-lo-spettacolo-ma-va-all-inferno-dante","status":"publish","type":"post","link":"https:\/\/www.esteri.it\/it\/sala_stampa\/archivionotizie\/retediplomatica\/2021\/06\/lussemburgo-lo-spettacolo-ma-va-all-inferno-dante\/","title":{"rendered":"Lussemburgo: lo spettacolo  \u201cMa va\u2019 all\u2019Inferno, Dante!\u201d"},"content":{"rendered":"<p>Per le celebrazioni del 700\u00b0 anniversario della scomparsa del Sommo Poeta, domenica 13 giugno va in scena in Lussemburgo\u00a0una rivisitazione in chiave umoristica dell\u2019Inferno dantesco intitolata\u00a0<i>\u201cMa va\u2019 all\u2019Inferno, Dante!\u201d<\/i>. Lo spettacolo teatrale \u00e8 organizzato dall\u2019Ambasciata d\u2019Italia con la compagnia \u201cTeatrolingua\u201d diretta da Luisella Suberni Piccoli, in collaborazione con la Societ\u00e0 Dante Alighieri Luxembourg. Attivo dal 2004, Teatrolingua \u00e8 una prova tangibile del multiculturalismo che caratterizza il Granducato: il gruppo \u00e8 costituito da 15 attori provenienti da 11 paesi diversi che studiano la lingua e la cultura italiana, attraverso la recitazione. L\u2019evento si svolger\u00e0 in presenza con un pubblico contenuto nel rispetto delle misure anti-Covid 19, ma sar\u00e0 trasmesso in diretta streaming sul canale youtube e sui profili facebook dell\u2019Ambasciata e del comitato locale della Dante Alighieri.<\/p>\n<p>\u00a0<\/p>\n<p><img loading=\"lazy\" decoding=\"async\" src=\"https:\/\/www.esteri.it\/mae\/resource\/img\/2021\/06\/lussemburgo.jpg\" width=\"750\" height=\"1061\" alt=\"lussemburgo\" style=\"display: block; margin-left: auto; margin-right: auto;\" \/><\/p>\n<p>\u00a0<\/p>\n<p>La pi\u00e8ce, recitata in prosa con l\u2019ausilio di qualche citazione di versi tratti dall\u2019originale, ripercorre il viaggio di Dante nell\u2019Oltretomba attraverso una serie di incontri con alcune delle figure mitologiche e dei personaggi evocati nell\u2019Inferno, ma anche con \u201cl\u2019intrusione\u201d di protagonisti e celebrit\u00e0 del mondo contemporaneo. Dalla fusione divertente e leggera di queste testimonianze antiche e moderne emerge, non senza sorpresa, la relativit\u00e0 sostanziale di ogni prospettiva etica, se considerata alla luce dei cambiamenti intervenuti nel tempo nell\u2019ambito della morale e che, ad esempio, portano oggi ad \u201cassolvere\u201d determinati comportamenti o pensieri un tempo considerati reprensibili, mentre viceversa ne condanna di nuovi, un tempo accettati e ora considerati comunemente come peccati.<\/p>\n<p>In passato, Teatrolingua ha rappresentato opere di Pirandello, De Filippo, Ginzburg, Tofano, Garinei e Giovannini, Goldoni, Gozzi, nonch\u00e9 trasposizioni teatrali di opere come \u201cLa coscienza di Zeno\u201d, \u201cL\u2019Orlando furioso\u201d, \u201cIl Decameron\u201d od opere ideate da Luisella Suberni Piccoli come \u201cIl capitano e i suoi eroi. Vita, avventure e disavventure di Emilio Salgari\u201d, \u201cGian Burrasca, Franti e Pinocchio contro tutti\u201d, \u201cTutt\u2019Italia per 20 euro\u201d, \u201cParto anch\u2019io? No, tu no!\u201d.<\/p>\n<p>La compagnia si esibisce principalmente in Lussemburgo contribuendo attivamente alle attivit\u00e0 di promozione e diffusione della lingua e cultura italiana coordinate dall\u2019Ambasciata, ma compie tourn\u00e9e anche in Italia e in altri paesi, partecipando a festival internazionali (Trieste, Torino, Reggio Emilia, Firenze, Venezia, Roma, Padova, Bruxelles, Thionville, Madrid).<\/p>\n","protected":false},"excerpt":{"rendered":"Per le celebrazioni del 700\u00b0 anniversario della scomparsa del Sommo Poeta, domenica 13 giugno va in scena in Lussemburgo\u00a0una rivisitazione in chiave umoristica dell\u2019Inferno dantesco intitolata\u00a0\u201cMa va\u2019 all\u2019Inferno, Dante!\u201d. Lo spettacolo teatrale \u00e8 organizzato dall\u2019Ambasciata d\u2019Italia con la compagnia \u201cTeatrolingua\u201d diretta da Luisella Suberni Piccoli, in collaborazione con la Societ\u00e0 Dante Alighieri Luxembourg. Attivo dal [&hellip;]","protected":false},"author":1,"featured_media":0,"comment_status":"","ping_status":"","sticky":false,"template":"","format":"standard","meta":{"footnotes":""},"categories":[20],"tags":[32,9],"class_list":["post-58565","post","type-post","status-publish","format-standard","hentry","category-retediplomatica","tag-diplomazia-culturale","tag-europa"],"_links":{"self":[{"href":"https:\/\/www.esteri.it\/it\/wp-json\/wp\/v2\/posts\/58565","targetHints":{"allow":["GET"]}}],"collection":[{"href":"https:\/\/www.esteri.it\/it\/wp-json\/wp\/v2\/posts"}],"about":[{"href":"https:\/\/www.esteri.it\/it\/wp-json\/wp\/v2\/types\/post"}],"author":[{"embeddable":true,"href":"https:\/\/www.esteri.it\/it\/wp-json\/wp\/v2\/users\/1"}],"replies":[{"embeddable":true,"href":"https:\/\/www.esteri.it\/it\/wp-json\/wp\/v2\/comments?post=58565"}],"version-history":[{"count":0,"href":"https:\/\/www.esteri.it\/it\/wp-json\/wp\/v2\/posts\/58565\/revisions"}],"wp:attachment":[{"href":"https:\/\/www.esteri.it\/it\/wp-json\/wp\/v2\/media?parent=58565"}],"wp:term":[{"taxonomy":"category","embeddable":true,"href":"https:\/\/www.esteri.it\/it\/wp-json\/wp\/v2\/categories?post=58565"},{"taxonomy":"post_tag","embeddable":true,"href":"https:\/\/www.esteri.it\/it\/wp-json\/wp\/v2\/tags?post=58565"}],"curies":[{"name":"wp","href":"https:\/\/api.w.org\/{rel}","templated":true}]}}