{"id":58587,"date":"2021-06-04T11:17:22","date_gmt":"2021-06-04T09:17:22","guid":{"rendered":"https:\/\/www.esteri.it\/sala_stampa\/archivionotizie\/comunicati\/2021\/06\/lisbona-paolo-fresu-interpreta-la-norma-in-versione-jazz\/"},"modified":"2021-06-04T11:17:22","modified_gmt":"2021-06-04T09:17:22","slug":"lisbona-paolo-fresu-interpreta-la-norma-in-versione-jazz","status":"publish","type":"post","link":"https:\/\/www.esteri.it\/it\/sala_stampa\/archivionotizie\/retediplomatica\/2021\/06\/lisbona-paolo-fresu-interpreta-la-norma-in-versione-jazz\/","title":{"rendered":"Lisbona, Paolo Fresu interpreta la \u201cNorma\u201d in versione jazz"},"content":{"rendered":"<p>A seguito della recente riapertura dei teatri, per celebrare la ripresa delle attivit\u00e0 culturali in Portogallo, l\u2019Ambasciata d\u2019Italia a Lisbona ha organizzato il concerto \u201cNORMA IN JAZZ\u201d, eseguito dal celebre trombettista Paolo Fresu.<\/p>\n<p>La Norma e il mondo del jazz si incontrano in questa nuova versione dell\u2019opera di Vincenzo Bellini, con arrangiamenti del compositore siciliano Paolo Silvestri. La tromba di Paolo Fresu occupa il posto delle grandi voci dell\u2019opera in questo concerto particolare che si \u00e8 tenuto ieri nel Grande Auditorio del prestigioso Centro Culturale di Bel\u00e9m, un edificio disegnato dall\u2019architetto italiano Vittorio Gregotti ed eletto a sede delle attivit\u00e0 nell\u2019ambito del Semestre di Presidenza portoghese del Consiglio dell\u2019Unione Europea.<\/p>\n<p>L\u2019esecuzione era affidata all\u2019Orchestra Jazz del Mediterraneo, formazione siciliana che per l\u2019occasione \u00e8 stata integrata anche da musicisti della scena jazz portoghese, a rappresentazione ideale dei profondi legami artistici che storicamente legano Italia e Portogallo.<\/p>\n<p>\u00abAbbiamo scelto questo spettacolo perch\u00e9 rivisita il capolavoro di Bellini attraverso un nuovo linguaggio, quello del jazz, rappresentando cos\u00ec emblematicamente la grande capacit\u00e0 dell\u2019Arte di reinventarsi costantemente, facendo dialogare creativamente il passato e il futuro\u00bb, ha dichiarato l\u2019Ambasciatore Formosa nel presentare l\u2019iniziativa.\u00a0L\u2019evento, che nel rispetto di tutte le norme previste dal protocollo sanitario Covid ha registrato il tutto esaurito, ha visto la partecipazione di membri di governo, illustri rappresentanti della societ\u00e0 portoghese e della comunit\u00e0 italiana e internazionale.<\/p>\n","protected":false},"excerpt":{"rendered":"A seguito della recente riapertura dei teatri, per celebrare la ripresa delle attivit\u00e0 culturali in Portogallo, l\u2019Ambasciata d\u2019Italia a Lisbona ha organizzato il concerto \u201cNORMA IN JAZZ\u201d, eseguito dal celebre trombettista Paolo Fresu. La Norma e il mondo del jazz si incontrano in questa nuova versione dell\u2019opera di Vincenzo Bellini, con arrangiamenti del compositore siciliano [&hellip;]","protected":false},"author":1,"featured_media":0,"comment_status":"","ping_status":"","sticky":false,"template":"","format":"standard","meta":{"footnotes":""},"categories":[20],"tags":[32,9],"class_list":["post-58587","post","type-post","status-publish","format-standard","hentry","category-retediplomatica","tag-diplomazia-culturale","tag-europa"],"_links":{"self":[{"href":"https:\/\/www.esteri.it\/it\/wp-json\/wp\/v2\/posts\/58587","targetHints":{"allow":["GET"]}}],"collection":[{"href":"https:\/\/www.esteri.it\/it\/wp-json\/wp\/v2\/posts"}],"about":[{"href":"https:\/\/www.esteri.it\/it\/wp-json\/wp\/v2\/types\/post"}],"author":[{"embeddable":true,"href":"https:\/\/www.esteri.it\/it\/wp-json\/wp\/v2\/users\/1"}],"replies":[{"embeddable":true,"href":"https:\/\/www.esteri.it\/it\/wp-json\/wp\/v2\/comments?post=58587"}],"version-history":[{"count":0,"href":"https:\/\/www.esteri.it\/it\/wp-json\/wp\/v2\/posts\/58587\/revisions"}],"wp:attachment":[{"href":"https:\/\/www.esteri.it\/it\/wp-json\/wp\/v2\/media?parent=58587"}],"wp:term":[{"taxonomy":"category","embeddable":true,"href":"https:\/\/www.esteri.it\/it\/wp-json\/wp\/v2\/categories?post=58587"},{"taxonomy":"post_tag","embeddable":true,"href":"https:\/\/www.esteri.it\/it\/wp-json\/wp\/v2\/tags?post=58587"}],"curies":[{"name":"wp","href":"https:\/\/api.w.org\/{rel}","templated":true}]}}