{"id":58589,"date":"2021-06-03T16:19:34","date_gmt":"2021-06-03T14:19:34","guid":{"rendered":"https:\/\/www.esteri.it\/sala_stampa\/archivionotizie\/comunicati\/2021\/06\/abu-dhabi-si-celebra-il-2-giugno-in-attesa-di-expo2020\/"},"modified":"2021-06-03T16:19:34","modified_gmt":"2021-06-03T14:19:34","slug":"abu-dhabi-si-celebra-il-2-giugno-in-attesa-di-expo2020","status":"publish","type":"post","link":"https:\/\/www.esteri.it\/it\/sala_stampa\/archivionotizie\/retediplomatica\/2021\/06\/abu-dhabi-si-celebra-il-2-giugno-in-attesa-di-expo2020\/","title":{"rendered":"Abu Dhabi: si celebra il 2 Giugno in attesa di Expo2020"},"content":{"rendered":"<p>Le celebrazioni per il 75mo anniversario della Repubblica italiana si sono svolte nella sede dell\u2019Ambasciata d\u2019Italia ad Abu Dhabi all\u2019insegna dello slogan \u201cPronti a ripartire\u201d. Tornati a celebrare la Festa Nazionale in presenza, nel quadro dei protocolli sanitari in vigore, con i rappresentanti delle Autorit\u00e0 locali, del corpo diplomatico e della comunit\u00e0 residente, l\u2019incontro \u00e8 stata l\u2019occasione per l\u2019Ambasciatore d\u2019Italia, Nicola Lener, di evidenziare il graduale e prudente\u00a0ritorno alla normalit\u00e0 in Italia e in Europa grazie ai progressi della campagna di vaccinazione e sottolineare l&#8217;importanza di un&#8217;accelerazione della campagna a livello globale per proteggere e restituire speranza a tutta l&#8217;umanit\u00e0.\u00a0\u00a0<\/p>\n<p>\u201cNon dimentichiamo il passato, soprattutto quello recente, e neanche la nostra storia che \u00e8 la nostra forza. Ma oggi volgiamo lo sguardo al futuro perch\u00e9 \u00e8 da qui che vogliamo ripartire\u201d &#8211; ha dichiarato l\u2019Ambasciatore Lener. Nel ricordare che l&#8217;esperienza della pandemia ha posto in primo piano il ruolo della cooperazione multilaterale nel contrasto alle sfide globali, l\u2019Ambasciatore ha indicato che\u00a0 EXPO2020 Dubai rappresenter\u00e0 non soltanto una grande occasione per rafforzare la cooperazione tra l\u2019Italia e gli EAU nella ricerca e nell\u2019innovazione, ma anche la prima\u00a0opportunit\u00e0 dallo scoppio della pandemia per una riflessione globale tra governi, settore privato, mondo della ricerca e societ\u00e0 civile sull&#8217;agenda 2030, riflessione alla quale l&#8217;Italia sta apportando un forte contributo attraverso la Presidenza del G20 ed il ruolo di co-organizzatrice della COP26.\u00a0<\/p>\n<p>Nel corso della serata \u00e8 stato proiettato un video promozionale sui maggiori centri di ricerca italiani ed \u00e8 stato reso omaggio anche ad illustri personaggi della storia italiana, a cominciare da Dante Alighieri, di cui quest\u2019anno si celebra il settimo centenario dalla morte, proseguendo poi con Raffaello, Pellegrino Artusi, Amedeo Modigliani, Gianni Rodari e Federico Fellini. A conclusione \u00e8 stato ascoltato l\u2019inno nazionale suonato dall\u2019Orchestra Giovanile \u201cLuigi Cherubini\u201d diretta dal Maestro Riccardo Muti ed intonato dal Coro del Teatro Municipale di Piacenza.\u00a0<\/p>\n","protected":false},"excerpt":{"rendered":"Le celebrazioni per il 75mo anniversario della Repubblica italiana si sono svolte nella sede dell\u2019Ambasciata d\u2019Italia ad Abu Dhabi all\u2019insegna dello slogan \u201cPronti a ripartire\u201d. Tornati a celebrare la Festa Nazionale in presenza, nel quadro dei protocolli sanitari in vigore, con i rappresentanti delle Autorit\u00e0 locali, del corpo diplomatico e della comunit\u00e0 residente, l\u2019incontro \u00e8 [&hellip;]","protected":false},"author":1,"featured_media":0,"comment_status":"","ping_status":"","sticky":false,"template":"","format":"standard","meta":{"footnotes":""},"categories":[20],"tags":[6],"class_list":["post-58589","post","type-post","status-publish","format-standard","hentry","category-retediplomatica","tag-mediterraneo-e-medio-oriente"],"_links":{"self":[{"href":"https:\/\/www.esteri.it\/it\/wp-json\/wp\/v2\/posts\/58589","targetHints":{"allow":["GET"]}}],"collection":[{"href":"https:\/\/www.esteri.it\/it\/wp-json\/wp\/v2\/posts"}],"about":[{"href":"https:\/\/www.esteri.it\/it\/wp-json\/wp\/v2\/types\/post"}],"author":[{"embeddable":true,"href":"https:\/\/www.esteri.it\/it\/wp-json\/wp\/v2\/users\/1"}],"replies":[{"embeddable":true,"href":"https:\/\/www.esteri.it\/it\/wp-json\/wp\/v2\/comments?post=58589"}],"version-history":[{"count":0,"href":"https:\/\/www.esteri.it\/it\/wp-json\/wp\/v2\/posts\/58589\/revisions"}],"wp:attachment":[{"href":"https:\/\/www.esteri.it\/it\/wp-json\/wp\/v2\/media?parent=58589"}],"wp:term":[{"taxonomy":"category","embeddable":true,"href":"https:\/\/www.esteri.it\/it\/wp-json\/wp\/v2\/categories?post=58589"},{"taxonomy":"post_tag","embeddable":true,"href":"https:\/\/www.esteri.it\/it\/wp-json\/wp\/v2\/tags?post=58589"}],"curies":[{"name":"wp","href":"https:\/\/api.w.org\/{rel}","templated":true}]}}