{"id":58605,"date":"2021-05-28T12:14:37","date_gmt":"2021-05-28T10:14:37","guid":{"rendered":"https:\/\/www.esteri.it\/sala_stampa\/archivionotizie\/comunicati\/2021\/05\/usa-webinar-su-futuro-moda-italiana-post-covid\/"},"modified":"2021-05-28T12:14:37","modified_gmt":"2021-05-28T10:14:37","slug":"usa-webinar-su-futuro-moda-italiana-post-covid","status":"publish","type":"post","link":"https:\/\/www.esteri.it\/it\/sala_stampa\/archivionotizie\/retediplomatica\/2021\/05\/usa-webinar-su-futuro-moda-italiana-post-covid\/","title":{"rendered":"Usa: webinar su futuro moda italiana post Covid"},"content":{"rendered":"<div>\n<div>\n<div>Oltre 450 aziende italiane hanno partecipato all&#8217;evento virtuale di promozione integrata sulle prospettive della moda italiana negli USA dopo la crisi Covid, promosso dall&#8217;Ambasciata di Washington con Confindustria e ICE con l&#8217;obiettivo di fornire al settore moda (450 aziende registrate negli Usa) un aggiornamento sulle condizioni e le prospettive del mercato americano.\u00a0<\/div>\n<div>\u00a0<\/div>\n<div>Ad introdurre i lavori \u00e8 stato l\u2019Ambasciatore d\u2019Italia negli Stati Uniti, Armando Varricchio, sono poi intervenuti \u00a0la Vice Presidente per l\u2019Internazionalizzazione di Confindustria, Barbara Beltrame Giacomello, e il Presidente di Confindustria Moda, Cirillo Marcolin. Nel corso dell\u2019evento \u00e8 stato presentato un approfondito studio sulle tendenze e i principali sviluppi negli USA dei comparti abbigliamento, calzature, pelletteria, pellicceria, occhialeria e gioielleria, sia maschile che femminile, che l\u2019Ambasciata ha commissionato alla societ\u00e0 specializzata americana WGSN Mindset.\u00a0<\/div>\n<div>\u00a0<\/div>\n<div>\u201cPrima della crisi Covid &#8211; ha osservato l\u2019Ambasciatore Varricchio &#8211; l\u2019export italiano negli USA dei settori moda e accessori valeva circa 9 miliardi di dollari. Insieme a Confindustria e ICE, abbiamo promosso un importante momento di riflessione con le associazioni e le aziende di settore per impostare le strategie della ripartenza e tornare rapidamente ai livelli pre-crisi, anche puntando a fare meglio.\u00a0<\/div>\n<div>\u00a0<\/div>\n<div>Le importazioni USA dal mondo sono\u00a0gi\u00e0\u00a0riprese a un ritmo importante: +11,7% nel primo trimestre dell&#8217;anno. Diversa la fotografia in relazione all&#8217;import USA dalla UE, in calo del 9,1%, ma in questo contesto la buona performance dell&#8217;import USA dall&#8217;Italia e&#8217; certamente un dato positivo (+3.3%). Notizie ancora piu&#8217; positive per il comparto moda e accessori: se nel 2020 il calo del nostro export era stato rilevante (-14,9%), nel primo trimestre 2021 si e&#8217; assistito a una brillante ripresa (+21,8%). \u00a0Con il Patto per l\u2019Export, la Farnesina ha messo a disposizione fondi per la promozione integrata e idee progettuali per una grande azione di sostegno al Made In Italy: l\u2019evento di oggi va in questa direzione\u201d.\u00a0<\/div>\n<div>\u00a0<\/div>\n<div>\u201cLa moda \u00e8 un comparto strategico della manifattura nazionale, sia in termini di fatturato, il 9% circa del totale manifatturiero, che di occupati, circa il 13%. \u00c8 stato uno dei settori pi\u00f9 colpiti dalla pandemia, e quindi \u00e8 pi\u00f9 che mai necessario fare presto per rilanciarlo con proposte concrete, come investimenti per defiscalizzazione, digitalizzazione, formazione, fiere e internazionalizzazione\u201d, ha dichiarato la Vice Presidente di Confindustria Beltrame Giacomello.\u00a0<\/div>\n<div>\u00a0<\/div>\n<div>\u201cLa sfida dei prossimi mesi sar\u00e0 proprio quella di definire operazioni ambiziose, insieme all\u2019Ambasciata d\u2019Italia a Washington e all\u2019Agenzia ICE e in linea con i cambiamenti in corso, che ridia ossigeno a questa grande industria italiana negli USA con progetti promozionali, missioni imprenditoriali e campagne di comunicazione forti e incisive\u201d. Infine, nel corso di una tavola rotonda, sono stati discussi i temi trasversali della\u00a0sostenibilit\u00e0\u00a0e della digitalizzazione, cruciali per il consolidamento della\u00a0competitive\u00a0delle nostre aziende. Sul primo fronte, e&#8217; stato notato come la pandemia abbia rafforzato le tendenze di un consumo responsabile, attento sia alla\u00a0tracciabilit\u00e0\u00a0delle produzioni sia al cosiddetto &#8216;push for progress&#8217;, mostrando\u00a0sensibilit\u00e0\u00a0per l&#8217;ambiente e l&#8217;economia circolare, attraverso per esempio il riutilizzo degli scarti e di modelli antecedenti (come la &#8216;rimessa a modello&#8217; nel settore pellicceria).<\/div>\n<div>\u00a0<\/div>\n<div>\u00a0<\/div>\n<\/div>\n<\/div>\n<div><img decoding=\"async\" src=\"https:\/\/www.esteri.it\/mae\/resource\/img\/2021\/05\/usa.jpg\" alt=\"usa\" style=\"display: block; margin-left: auto; margin-right: auto;\" \/><\/div>\n","protected":false},"excerpt":{"rendered":"Oltre 450 aziende italiane hanno partecipato all&#8217;evento virtuale di promozione integrata sulle prospettive della moda italiana negli USA dopo la crisi Covid, promosso dall&#8217;Ambasciata di Washington con Confindustria e ICE con l&#8217;obiettivo di fornire al settore moda (450 aziende registrate negli Usa) un aggiornamento sulle condizioni e le prospettive del mercato americano.\u00a0 \u00a0 Ad introdurre [&hellip;]","protected":false},"author":1,"featured_media":0,"comment_status":"","ping_status":"","sticky":false,"template":"","format":"standard","meta":{"footnotes":""},"categories":[20],"tags":[397,3],"class_list":["post-58605","post","type-post","status-publish","format-standard","hentry","category-retediplomatica","tag-america-settentrionale","tag-diplomazia-economica"],"_links":{"self":[{"href":"https:\/\/www.esteri.it\/it\/wp-json\/wp\/v2\/posts\/58605","targetHints":{"allow":["GET"]}}],"collection":[{"href":"https:\/\/www.esteri.it\/it\/wp-json\/wp\/v2\/posts"}],"about":[{"href":"https:\/\/www.esteri.it\/it\/wp-json\/wp\/v2\/types\/post"}],"author":[{"embeddable":true,"href":"https:\/\/www.esteri.it\/it\/wp-json\/wp\/v2\/users\/1"}],"replies":[{"embeddable":true,"href":"https:\/\/www.esteri.it\/it\/wp-json\/wp\/v2\/comments?post=58605"}],"version-history":[{"count":0,"href":"https:\/\/www.esteri.it\/it\/wp-json\/wp\/v2\/posts\/58605\/revisions"}],"wp:attachment":[{"href":"https:\/\/www.esteri.it\/it\/wp-json\/wp\/v2\/media?parent=58605"}],"wp:term":[{"taxonomy":"category","embeddable":true,"href":"https:\/\/www.esteri.it\/it\/wp-json\/wp\/v2\/categories?post=58605"},{"taxonomy":"post_tag","embeddable":true,"href":"https:\/\/www.esteri.it\/it\/wp-json\/wp\/v2\/tags?post=58605"}],"curies":[{"name":"wp","href":"https:\/\/api.w.org\/{rel}","templated":true}]}}