{"id":58607,"date":"2021-05-27T15:27:37","date_gmt":"2021-05-27T13:27:37","guid":{"rendered":"https:\/\/www.esteri.it\/sala_stampa\/archivionotizie\/comunicati\/2021\/05\/bratislava-tre-scrittori-per-il-festival-dolce-vitaj\/"},"modified":"2021-05-27T15:27:37","modified_gmt":"2021-05-27T13:27:37","slug":"bratislava-tre-scrittori-per-il-festival-dolce-vitaj","status":"publish","type":"post","link":"https:\/\/www.esteri.it\/it\/sala_stampa\/archivionotizie\/retediplomatica\/2021\/05\/bratislava-tre-scrittori-per-il-festival-dolce-vitaj\/","title":{"rendered":"Bratislava: tre scrittori per il Festival Dolce Vitaj"},"content":{"rendered":"<p style=\"text-align: justify;\">L&#8217;Istituto Italiano di Cultura di Bratislava\u00a0assieme\u00a0all&#8217;Ambasciata d&#8217;Italia\u00a0con\u00a0la collaborazione della\u00a0Camera di Commercio Italo-slovacca promuove l\u2019edizione 2021 del Festival italiano \u2018Dolce Vitaj\u2019 che come tradizione dedica ampio spazio alla letteratura e all\u2019editoria.<\/p>\n<p style=\"text-align: justify;\">\u00a0<\/p>\n<p style=\"text-align: justify;\"><img loading=\"lazy\" decoding=\"async\" src=\"https:\/\/www.esteri.it\/mae\/resource\/img\/2021\/05\/bratislava_2.jpg\" width=\"500\" height=\"500\" alt=\"bratislava 2\" style=\"display: block; margin-left: auto; margin-right: auto;\" \/><\/p>\n<p style=\"text-align: justify;\">\u00a0<\/p>\n<p style=\"text-align: justify;\">Tre gli autori d\u2019eccezione che partecipano quest\u2019anno al Festival. Si inizia\u00a0il 2 giugno con\u00a0Silvia Avallone, vincitrice del Premio Campiello Opera prima 2010 e del Premio Flaiano 2010 che converser\u00e0 con Dado Nagy, critico letterario e giornalista.\u00a0Sar\u00e0 questa l\u2019occasione per presentare l\u2019uscita in slovacco del suo romanzo \u201cDa dove la vita \u00e8 perfetta\u201d, pubblicato recentemente dalla casa editrice Inaque, con la traduzione di Ivana Dobrakovov\u00e1.<\/p>\n<p style=\"text-align: justify;\">\u00a0<\/p>\n<p style=\"text-align: justify;\"><img loading=\"lazy\" decoding=\"async\" src=\"https:\/\/www.esteri.it\/mae\/resource\/img\/2021\/05\/bratislava.jpg\" width=\"500\" height=\"500\" alt=\"bratislava\" style=\"display: block; margin-left: auto; margin-right: auto;\" \/><\/p>\n<p style=\"text-align: justify;\">\u00a0<\/p>\n<p style=\"text-align: justify;\">Si prosegue il 9 giugno con\u00a0Marco Missiroli, vincitore del Premio Strega Giovani 2019 e del Premio Campiello Opera Prima 2006 che dialogher\u00e0 con Zuzana Golianov\u00e1, giornalista e conduttrice radiofonica. Nell\u2019incontro si parler\u00e0 di \u201cFedelt\u00e0\u201d romanzo di Missiroli uscito in slovacco, nel 2020, grazie alla casa editrice Slovart e alla traduzione di Franti\u0161ek Hru\u0161ka.<\/p>\n<p style=\"text-align: justify;\">\u00a0<\/p>\n<p style=\"text-align: justify;\"><img loading=\"lazy\" decoding=\"async\" src=\"https:\/\/www.esteri.it\/mae\/resource\/img\/2021\/05\/bratislava_3.jpg\" width=\"500\" height=\"500\" alt=\"bratislava 3\" style=\"display: block; margin-left: auto; margin-right: auto;\" \/><\/p>\n<p style=\"text-align: justify;\">\u00a0<\/p>\n<p style=\"text-align: justify;\">L\u2019ultimo incontro \u00e8 per il 16 giugno con\u00a0Nicola Lagioia, vincitore del Premio Strega 2015 e Andrea De Luca, scrittore e docente di lingua e letteratura italiana.\u00a0In questo appuntamento Nicola Lagioia presenter\u00e0 l\u2019uscita in slovacco del suo romanzo \u201cLa ferocia\u201d, stampato recentemente dalla casa editrice Inaque, con la traduzione di Adriana \u0160ul\u00edkov\u00e1.\u00a0Tutti gli incontri si svolgeranno online sul Facebook e Youtube dell\u2019IIC di Bratislava. Maggiori informazioni sono presenti sulle pagine\u00a0<a href=\"https:\/\/urlsand.esvalabs.com\/?u=http%3A%2F%2Fwww.dolcevitaj.eu%2F&#038;e=c9024bf9&#038;h=ce553c59&#038;f=n&#038;p=y\" target=\"_blank\" rel=\"noopener noreferrer\" title=\"www.dolcevitaj.eu\">www.dolcevitaj.eu<\/a>\u00a0e\u00a0<a href=\"https:\/\/urlsand.esvalabs.com\/?u=http%3A%2F%2Fwww.iicbratislava.esteri.it%2F&#038;e=c9024bf9&#038;h=77843af1&#038;f=n&#038;p=y\" target=\"_blank\" rel=\"noopener noreferrer\" title=\"www.iicbratislava.esteri.it\">www.iicbratislava.esteri.it<\/a>\u00a0<\/p>\n<p style=\"text-align: justify;\">\u00a0<\/p>\n<p style=\"text-align: justify;\"><img loading=\"lazy\" decoding=\"async\" src=\"https:\/\/www.esteri.it\/mae\/resource\/img\/2021\/05\/bratislava_4.jpg\" width=\"800\" height=\"450\" alt=\"bratislava 4\" style=\"display: block; margin-left: auto; margin-right: auto;\" \/><\/p>\n<p style=\"text-align: justify;\">\u00a0<\/p>\n<p style=\"text-align: justify;\">\u00a0<\/p>\n<p style=\"text-align: justify;\">\u00a0<\/p>\n","protected":false},"excerpt":{"rendered":"L&#8217;Istituto Italiano di Cultura di Bratislava\u00a0assieme\u00a0all&#8217;Ambasciata d&#8217;Italia\u00a0con\u00a0la collaborazione della\u00a0Camera di Commercio Italo-slovacca promuove l\u2019edizione 2021 del Festival italiano \u2018Dolce Vitaj\u2019 che come tradizione dedica ampio spazio alla letteratura e all\u2019editoria. \u00a0 \u00a0 Tre gli autori d\u2019eccezione che partecipano quest\u2019anno al Festival. Si inizia\u00a0il 2 giugno con\u00a0Silvia Avallone, vincitrice del Premio Campiello Opera prima 2010 e [&hellip;]","protected":false},"author":1,"featured_media":0,"comment_status":"","ping_status":"","sticky":false,"template":"","format":"standard","meta":{"footnotes":""},"categories":[20],"tags":[32,9],"class_list":["post-58607","post","type-post","status-publish","format-standard","hentry","category-retediplomatica","tag-diplomazia-culturale","tag-europa"],"_links":{"self":[{"href":"https:\/\/www.esteri.it\/it\/wp-json\/wp\/v2\/posts\/58607","targetHints":{"allow":["GET"]}}],"collection":[{"href":"https:\/\/www.esteri.it\/it\/wp-json\/wp\/v2\/posts"}],"about":[{"href":"https:\/\/www.esteri.it\/it\/wp-json\/wp\/v2\/types\/post"}],"author":[{"embeddable":true,"href":"https:\/\/www.esteri.it\/it\/wp-json\/wp\/v2\/users\/1"}],"replies":[{"embeddable":true,"href":"https:\/\/www.esteri.it\/it\/wp-json\/wp\/v2\/comments?post=58607"}],"version-history":[{"count":0,"href":"https:\/\/www.esteri.it\/it\/wp-json\/wp\/v2\/posts\/58607\/revisions"}],"wp:attachment":[{"href":"https:\/\/www.esteri.it\/it\/wp-json\/wp\/v2\/media?parent=58607"}],"wp:term":[{"taxonomy":"category","embeddable":true,"href":"https:\/\/www.esteri.it\/it\/wp-json\/wp\/v2\/categories?post=58607"},{"taxonomy":"post_tag","embeddable":true,"href":"https:\/\/www.esteri.it\/it\/wp-json\/wp\/v2\/tags?post=58607"}],"curies":[{"name":"wp","href":"https:\/\/api.w.org\/{rel}","templated":true}]}}