{"id":58612,"date":"2021-05-25T14:14:44","date_gmt":"2021-05-25T12:14:44","guid":{"rendered":"https:\/\/www.esteri.it\/sala_stampa\/archivionotizie\/comunicati\/2021\/05\/apre-eataly-a-londra-una-vetrina-del-made-in-italy\/"},"modified":"2021-05-25T14:14:44","modified_gmt":"2021-05-25T12:14:44","slug":"apre-eataly-a-londra-una-vetrina-del-made-in-italy","status":"publish","type":"post","link":"https:\/\/www.esteri.it\/it\/sala_stampa\/archivionotizie\/retediplomatica\/2021\/05\/apre-eataly-a-londra-una-vetrina-del-made-in-italy\/","title":{"rendered":"Apre Eataly a Londra, una &#8220;vetrina del Made in Italy&#8221;"},"content":{"rendered":"<p>Col taglio del &#8220;nastro di pasta&#8221;, come da tradizione di Eataly, l&#8217;Ambasciatore \u00a0d\u2019Italia a Londra, Raffaele Trombetta, e il Sindaco della citt\u00e0,\u00a0Sadiq Khan, hanno inaugurato a Bishopsgate, lo scorso 20 maggio, la sede londinese del prestigioso negozio di enograstronomia italiana.\u00a0Presenti, l&#8217;Amministratore Delegato,\u00a0Nicola Farinetti, e il fondatore, Oscar Farinetti. \u00a0<\/p>\n<p>\u00a0<\/p>\n<p><img loading=\"lazy\" decoding=\"async\" src=\"https:\/\/www.esteri.it\/mae\/resource\/img\/2021\/05\/eataly_appro.jpg\" width=\"750\" height=\"500\" alt=\"eataly appro\" style=\"display: block; margin-left: auto; margin-right: auto;\" \/><\/p>\n<p>\u00a0<\/p>\n<p>Un\u2019apertura molto attesa, frutto di anni di lavoro e che giunge nella positiva fase delle riaperture nel Regno Unito.\u00a0<\/p>\n<p>L&#8217;Ambasciatore Trombetta, congratulandosi con Oscar e Nicola Farinetti, ha evidenziato come Eataly offra una nuova, prestigiosa vetrina per un ampio ventaglio di prodotti (circa 5.000) dell&#8217;enogastronomia Made in Italy, la cui qualit\u00e0 \u00e8 sempre pi\u00f9 apprezzata dai consumatori britannici. Il negozio aperto a Londra \u00e8 uno dei pi\u00f9 grandi mai realizzati dalla catena, con 300 dipendenti e quasi 13.000 mq di superficie. Eataly, ha affermato l&#8217;Ambasciatore, \u00e8 un assaggio, una finestra sul nostro Paese, dove ci auguriamo di poter accogliere molto presto numerosi viaggiatori d&#8217;Oltremanica.\u00a0<\/p>\n<p>\u00a0<\/p>\n<p><img loading=\"lazy\" decoding=\"async\" src=\"https:\/\/www.esteri.it\/mae\/resource\/img\/2021\/05\/eataly_2.jpg\" width=\"750\" height=\"500\" alt=\"eataly 2\" style=\"display: block; margin-left: auto; margin-right: auto;\" \/><\/p>\n<p>\u00a0<\/p>\n<p>Molto entusiasta del progetto anche il Sindaco Khan per il quale l&#8217;apertura di Eataly, che presto diverr\u00e0 un vero punto di riferimento per i londinesi, conferma il carattere aperto, vivace e internazionale della capitale &#8211; proprio ci\u00f2 che continua a renderla una meta attrattiva su scala globale. \u00a0<\/p>\n","protected":false},"excerpt":{"rendered":"Col taglio del &#8220;nastro di pasta&#8221;, come da tradizione di Eataly, l&#8217;Ambasciatore \u00a0d\u2019Italia a Londra, Raffaele Trombetta, e il Sindaco della citt\u00e0,\u00a0Sadiq Khan, hanno inaugurato a Bishopsgate, lo scorso 20 maggio, la sede londinese del prestigioso negozio di enograstronomia italiana.\u00a0Presenti, l&#8217;Amministratore Delegato,\u00a0Nicola Farinetti, e il fondatore, Oscar Farinetti. \u00a0 \u00a0 \u00a0 Un\u2019apertura molto attesa, frutto [&hellip;]","protected":false},"author":1,"featured_media":0,"comment_status":"","ping_status":"","sticky":false,"template":"","format":"standard","meta":{"footnotes":""},"categories":[20],"tags":[3,9],"class_list":["post-58612","post","type-post","status-publish","format-standard","hentry","category-retediplomatica","tag-diplomazia-economica","tag-europa"],"_links":{"self":[{"href":"https:\/\/www.esteri.it\/it\/wp-json\/wp\/v2\/posts\/58612","targetHints":{"allow":["GET"]}}],"collection":[{"href":"https:\/\/www.esteri.it\/it\/wp-json\/wp\/v2\/posts"}],"about":[{"href":"https:\/\/www.esteri.it\/it\/wp-json\/wp\/v2\/types\/post"}],"author":[{"embeddable":true,"href":"https:\/\/www.esteri.it\/it\/wp-json\/wp\/v2\/users\/1"}],"replies":[{"embeddable":true,"href":"https:\/\/www.esteri.it\/it\/wp-json\/wp\/v2\/comments?post=58612"}],"version-history":[{"count":0,"href":"https:\/\/www.esteri.it\/it\/wp-json\/wp\/v2\/posts\/58612\/revisions"}],"wp:attachment":[{"href":"https:\/\/www.esteri.it\/it\/wp-json\/wp\/v2\/media?parent=58612"}],"wp:term":[{"taxonomy":"category","embeddable":true,"href":"https:\/\/www.esteri.it\/it\/wp-json\/wp\/v2\/categories?post=58612"},{"taxonomy":"post_tag","embeddable":true,"href":"https:\/\/www.esteri.it\/it\/wp-json\/wp\/v2\/tags?post=58612"}],"curies":[{"name":"wp","href":"https:\/\/api.w.org\/{rel}","templated":true}]}}